{"id":12707,"date":"2020-02-12T08:57:44","date_gmt":"2020-02-12T08:57:44","guid":{"rendered":"https:\/\/www.segond-automobiles.com\/uncategorized\/restylage-suzuki-ignis\/"},"modified":"2020-12-21T15:29:39","modified_gmt":"2020-12-21T15:29:39","slug":"restyling-suzuki-ignis","status":"publish","type":"post","link":"https:\/\/www.segond-automobiles.com\/en\/news\/suzuki-en\/restyling-suzuki-ignis\/","title":{"rendered":"The Suzuki Ignis gets a makeover"},"content":{"rendered":"<p><em>At the 2016 Paris Motor Show, Suzuki presented a new small SUV, the size of a city car (3.70 m) but with amazing arguments: four-cylinder gasoline with micro-hybridization proposed, coupled with a 4&#215;2 or 4&#215;4 transmission.<\/em><\/p>\n<h3>In the spring of 2020, Ignis will receive a few modifications, mainly focused on the shields and grille.<\/h3>\n<p>The front shield of the current Ignis will be overhauled in 2020 by integrating an aluminum-style protective shoe. Images have already leaked on the web, published on Instagram by the &#8220;Suzuki Garage&#8221; account. On the front end, we notice that the front grille evolves and takes up a design close to the recent Maruti Suzuki S-Presso, a low-cost Indian city car. It also evokes that of the Jimny with its vertical holes, but here there are only four against five for the Jimny. The chrome trim ring is still in use, running all the way around the grille and lights with the same look.<\/p>\n<p>The current rear bumper has a piece of black plastic. suzuki ignis 2020 rear Now it will incorporate a light gray protective boot. A more 4&#215;4 look The lower front bumper has also been redesigned, with the appearance of an aluminum gray protective boot that reinforces the 4&#215;4 look of the Ignis. The fog lights are detached from the front bumper and placed a little higher. Same thing at the rear: a thinner light gray boot replaces the thick black plastic that used to run all over the bumper. The two small fog blocks remain in the same place, but are now surrounded by a body colored part. First deliveries are scheduled for April 2020.<\/p>\n<p><a href=\"\/en\/suzuki\/ignis-hybrid\/\">Learn more<\/a><\/p>\n","protected":false},"excerpt":{"rendered":"<p>At the 2016 Paris Motor Show, Suzuki presented a new small SUV, the size of a city car (3.70 m) but with amazing arguments: four-cylinder gasoline with micro-hybridization proposed, [&hellip;]<\/p>\n","protected":false},"author":3,"featured_media":0,"comment_status":"closed","ping_status":"closed","sticky":false,"template":"","format":"standard","meta":{"footnotes":""},"categories":[1053,1059],"tags":[],"class_list":["post-12707","post","type-post","status-publish","format-standard","hentry","category-news","category-suzuki-en"],"yoast_head":"<!-- This site is optimized with the Yoast SEO plugin v27.4 - https:\/\/yoast.com\/product\/yoast-seo-wordpress\/ -->\n<title>The Suzuki Ignis gets a makeover - Segond Automobiles<\/title>\n<meta name=\"description\" content=\"Le bouclier avant de l&#039;actuel Suzuki Ignis va \u00eatre remani\u00e9 en 2020 en int\u00e9grant un sabot de protection fa\u00e7on aluminium.\" \/>\n<meta name=\"robots\" content=\"index, follow, max-snippet:-1, max-image-preview:large, max-video-preview:-1\" \/>\n<link rel=\"canonical\" href=\"https:\/\/www.segond-automobiles.com\/en\/news\/suzuki-en\/restyling-suzuki-ignis\/\" \/>\n<meta property=\"og:locale\" content=\"en_US\" \/>\n<meta property=\"og:type\" content=\"article\" \/>\n<meta property=\"og:title\" content=\"The Suzuki Ignis gets a makeover - Segond Automobiles\" \/>\n<meta property=\"og:description\" content=\"Le bouclier avant de l&#039;actuel Suzuki Ignis va \u00eatre remani\u00e9 en 2020 en int\u00e9grant un sabot de protection fa\u00e7on aluminium.\" \/>\n<meta property=\"og:url\" content=\"https:\/\/www.segond-automobiles.com\/en\/news\/suzuki-en\/restyling-suzuki-ignis\/\" \/>\n<meta property=\"og:site_name\" content=\"Segond Automobiles\" \/>\n<meta property=\"article:publisher\" content=\"https:\/\/www.facebook.com\/groupesegondautomobiles\" \/>\n<meta property=\"article:published_time\" content=\"2020-02-12T08:57:44+00:00\" \/>\n<meta property=\"article:modified_time\" content=\"2020-12-21T15:29:39+00:00\" \/>\n<meta property=\"og:image\" content=\"https:\/\/www.segond-automobiles.com\/wp-content\/uploads\/2023\/05\/new-logo-segond-automobiles-blanc-rouge.png\" \/>\n\t<meta property=\"og:image:width\" content=\"321\" \/>\n\t<meta property=\"og:image:height\" content=\"120\" \/>\n\t<meta property=\"og:image:type\" content=\"image\/png\" \/>\n<meta name=\"author\" content=\"inwin\" \/>\n<meta name=\"twitter:card\" content=\"summary_large_image\" \/>\n<meta name=\"twitter:label1\" content=\"Written by\" \/>\n\t<meta name=\"twitter:data1\" content=\"inwin\" \/>\n\t<meta name=\"twitter:label2\" content=\"Est. reading time\" \/>\n\t<meta name=\"twitter:data2\" content=\"1 minute\" \/>\n<script type=\"application\/ld+json\" class=\"yoast-schema-graph\">{\"@context\":\"https:\\\/\\\/schema.org\",\"@graph\":[{\"@type\":\"Article\",\"@id\":\"https:\\\/\\\/www.segond-automobiles.com\\\/en\\\/news\\\/suzuki-en\\\/restyling-suzuki-ignis\\\/#article\",\"isPartOf\":{\"@id\":\"https:\\\/\\\/www.segond-automobiles.com\\\/en\\\/news\\\/suzuki-en\\\/restyling-suzuki-ignis\\\/\"},\"author\":{\"name\":\"inwin\",\"@id\":\"https:\\\/\\\/www.segond-automobiles.com\\\/en\\\/#\\\/schema\\\/person\\\/cdfeef480d8a688f34438d59b34e1815\"},\"headline\":\"The Suzuki Ignis gets a makeover\",\"datePublished\":\"2020-02-12T08:57:44+00:00\",\"dateModified\":\"2020-12-21T15:29:39+00:00\",\"mainEntityOfPage\":{\"@id\":\"https:\\\/\\\/www.segond-automobiles.com\\\/en\\\/news\\\/suzuki-en\\\/restyling-suzuki-ignis\\\/\"},\"wordCount\":275,\"publisher\":{\"@id\":\"https:\\\/\\\/www.segond-automobiles.com\\\/en\\\/#organization\"},\"articleSection\":[\"News\",\"Suzuki news\"],\"inLanguage\":\"en-US\"},{\"@type\":\"WebPage\",\"@id\":\"https:\\\/\\\/www.segond-automobiles.com\\\/en\\\/news\\\/suzuki-en\\\/restyling-suzuki-ignis\\\/\",\"url\":\"https:\\\/\\\/www.segond-automobiles.com\\\/en\\\/news\\\/suzuki-en\\\/restyling-suzuki-ignis\\\/\",\"name\":\"The Suzuki Ignis gets a makeover - Segond Automobiles\",\"isPartOf\":{\"@id\":\"https:\\\/\\\/www.segond-automobiles.com\\\/en\\\/#website\"},\"datePublished\":\"2020-02-12T08:57:44+00:00\",\"dateModified\":\"2020-12-21T15:29:39+00:00\",\"description\":\"Le bouclier avant de l'actuel Suzuki Ignis va \u00eatre remani\u00e9 en 2020 en int\u00e9grant un sabot de protection fa\u00e7on aluminium.\",\"breadcrumb\":{\"@id\":\"https:\\\/\\\/www.segond-automobiles.com\\\/en\\\/news\\\/suzuki-en\\\/restyling-suzuki-ignis\\\/#breadcrumb\"},\"inLanguage\":\"en-US\",\"potentialAction\":[{\"@type\":\"ReadAction\",\"target\":[\"https:\\\/\\\/www.segond-automobiles.com\\\/en\\\/news\\\/suzuki-en\\\/restyling-suzuki-ignis\\\/\"]}]},{\"@type\":\"BreadcrumbList\",\"@id\":\"https:\\\/\\\/www.segond-automobiles.com\\\/en\\\/news\\\/suzuki-en\\\/restyling-suzuki-ignis\\\/#breadcrumb\",\"itemListElement\":[{\"@type\":\"ListItem\",\"position\":1,\"name\":\"Accueil\",\"item\":\"https:\\\/\\\/www.segond-automobiles.com\\\/en\\\/\"},{\"@type\":\"ListItem\",\"position\":2,\"name\":\"The Suzuki Ignis gets a makeover\"}]},{\"@type\":\"WebSite\",\"@id\":\"https:\\\/\\\/www.segond-automobiles.com\\\/en\\\/#website\",\"url\":\"https:\\\/\\\/www.segond-automobiles.com\\\/en\\\/\",\"name\":\"Segond Automobiles\",\"description\":\"\",\"publisher\":{\"@id\":\"https:\\\/\\\/www.segond-automobiles.com\\\/en\\\/#organization\"},\"potentialAction\":[{\"@type\":\"SearchAction\",\"target\":{\"@type\":\"EntryPoint\",\"urlTemplate\":\"https:\\\/\\\/www.segond-automobiles.com\\\/en\\\/?s={search_term_string}\"},\"query-input\":{\"@type\":\"PropertyValueSpecification\",\"valueRequired\":true,\"valueName\":\"search_term_string\"}}],\"inLanguage\":\"en-US\"},{\"@type\":\"Organization\",\"@id\":\"https:\\\/\\\/www.segond-automobiles.com\\\/en\\\/#organization\",\"name\":\"Segond Automobiles\",\"url\":\"https:\\\/\\\/www.segond-automobiles.com\\\/en\\\/\",\"logo\":{\"@type\":\"ImageObject\",\"inLanguage\":\"en-US\",\"@id\":\"https:\\\/\\\/www.segond-automobiles.com\\\/en\\\/#\\\/schema\\\/logo\\\/image\\\/\",\"url\":\"https:\\\/\\\/www.segond-automobiles.com\\\/wp-content\\\/uploads\\\/2020\\\/12\\\/logo_Segond.png\",\"contentUrl\":\"https:\\\/\\\/www.segond-automobiles.com\\\/wp-content\\\/uploads\\\/2020\\\/12\\\/logo_Segond.png\",\"width\":159,\"height\":79,\"caption\":\"Segond Automobiles\"},\"image\":{\"@id\":\"https:\\\/\\\/www.segond-automobiles.com\\\/en\\\/#\\\/schema\\\/logo\\\/image\\\/\"},\"sameAs\":[\"https:\\\/\\\/www.facebook.com\\\/groupesegondautomobiles\",\"https:\\\/\\\/www.instagram.com\\\/groupesegondautomobiles\\\/\",\"https:\\\/\\\/www.linkedin.com\\\/company\\\/groupe-segond-automobiles\\\/\",\"https:\\\/\\\/www.youtube.com\\\/channel\\\/UCmyIrWpILerz0P3Ev_75pOQ\\\/featured\"]},{\"@type\":\"Person\",\"@id\":\"https:\\\/\\\/www.segond-automobiles.com\\\/en\\\/#\\\/schema\\\/person\\\/cdfeef480d8a688f34438d59b34e1815\",\"name\":\"inwin\",\"image\":{\"@type\":\"ImageObject\",\"inLanguage\":\"en-US\",\"@id\":\"https:\\\/\\\/secure.gravatar.com\\\/avatar\\\/6adb9523a9dace54c9d50a136dea3a9b7aa331e3d4af477880dede40cc83f809?s=96&d=mm&r=g\",\"url\":\"https:\\\/\\\/secure.gravatar.com\\\/avatar\\\/6adb9523a9dace54c9d50a136dea3a9b7aa331e3d4af477880dede40cc83f809?s=96&d=mm&r=g\",\"contentUrl\":\"https:\\\/\\\/secure.gravatar.com\\\/avatar\\\/6adb9523a9dace54c9d50a136dea3a9b7aa331e3d4af477880dede40cc83f809?s=96&d=mm&r=g\",\"caption\":\"inwin\"}}]}<\/script>\n<!-- \/ Yoast SEO plugin. -->","yoast_head_json":{"title":"The Suzuki Ignis gets a makeover - Segond Automobiles","description":"Le bouclier avant de l'actuel Suzuki Ignis va \u00eatre remani\u00e9 en 2020 en int\u00e9grant un sabot de protection fa\u00e7on aluminium.","robots":{"index":"index","follow":"follow","max-snippet":"max-snippet:-1","max-image-preview":"max-image-preview:large","max-video-preview":"max-video-preview:-1"},"canonical":"https:\/\/www.segond-automobiles.com\/en\/news\/suzuki-en\/restyling-suzuki-ignis\/","og_locale":"en_US","og_type":"article","og_title":"The Suzuki Ignis gets a makeover - Segond Automobiles","og_description":"Le bouclier avant de l'actuel Suzuki Ignis va \u00eatre remani\u00e9 en 2020 en int\u00e9grant un sabot de protection fa\u00e7on aluminium.","og_url":"https:\/\/www.segond-automobiles.com\/en\/news\/suzuki-en\/restyling-suzuki-ignis\/","og_site_name":"Segond Automobiles","article_publisher":"https:\/\/www.facebook.com\/groupesegondautomobiles","article_published_time":"2020-02-12T08:57:44+00:00","article_modified_time":"2020-12-21T15:29:39+00:00","og_image":[{"width":321,"height":120,"url":"https:\/\/www.segond-automobiles.com\/wp-content\/uploads\/2023\/05\/new-logo-segond-automobiles-blanc-rouge.png","type":"image\/png"}],"author":"inwin","twitter_card":"summary_large_image","twitter_misc":{"Written by":"inwin","Est. reading time":"1 minute"},"schema":{"@context":"https:\/\/schema.org","@graph":[{"@type":"Article","@id":"https:\/\/www.segond-automobiles.com\/en\/news\/suzuki-en\/restyling-suzuki-ignis\/#article","isPartOf":{"@id":"https:\/\/www.segond-automobiles.com\/en\/news\/suzuki-en\/restyling-suzuki-ignis\/"},"author":{"name":"inwin","@id":"https:\/\/www.segond-automobiles.com\/en\/#\/schema\/person\/cdfeef480d8a688f34438d59b34e1815"},"headline":"The Suzuki Ignis gets a makeover","datePublished":"2020-02-12T08:57:44+00:00","dateModified":"2020-12-21T15:29:39+00:00","mainEntityOfPage":{"@id":"https:\/\/www.segond-automobiles.com\/en\/news\/suzuki-en\/restyling-suzuki-ignis\/"},"wordCount":275,"publisher":{"@id":"https:\/\/www.segond-automobiles.com\/en\/#organization"},"articleSection":["News","Suzuki news"],"inLanguage":"en-US"},{"@type":"WebPage","@id":"https:\/\/www.segond-automobiles.com\/en\/news\/suzuki-en\/restyling-suzuki-ignis\/","url":"https:\/\/www.segond-automobiles.com\/en\/news\/suzuki-en\/restyling-suzuki-ignis\/","name":"The Suzuki Ignis gets a makeover - Segond Automobiles","isPartOf":{"@id":"https:\/\/www.segond-automobiles.com\/en\/#website"},"datePublished":"2020-02-12T08:57:44+00:00","dateModified":"2020-12-21T15:29:39+00:00","description":"Le bouclier avant de l'actuel Suzuki Ignis va \u00eatre remani\u00e9 en 2020 en int\u00e9grant un sabot de protection fa\u00e7on aluminium.","breadcrumb":{"@id":"https:\/\/www.segond-automobiles.com\/en\/news\/suzuki-en\/restyling-suzuki-ignis\/#breadcrumb"},"inLanguage":"en-US","potentialAction":[{"@type":"ReadAction","target":["https:\/\/www.segond-automobiles.com\/en\/news\/suzuki-en\/restyling-suzuki-ignis\/"]}]},{"@type":"BreadcrumbList","@id":"https:\/\/www.segond-automobiles.com\/en\/news\/suzuki-en\/restyling-suzuki-ignis\/#breadcrumb","itemListElement":[{"@type":"ListItem","position":1,"name":"Accueil","item":"https:\/\/www.segond-automobiles.com\/en\/"},{"@type":"ListItem","position":2,"name":"The Suzuki Ignis gets a makeover"}]},{"@type":"WebSite","@id":"https:\/\/www.segond-automobiles.com\/en\/#website","url":"https:\/\/www.segond-automobiles.com\/en\/","name":"Segond Automobiles","description":"","publisher":{"@id":"https:\/\/www.segond-automobiles.com\/en\/#organization"},"potentialAction":[{"@type":"SearchAction","target":{"@type":"EntryPoint","urlTemplate":"https:\/\/www.segond-automobiles.com\/en\/?s={search_term_string}"},"query-input":{"@type":"PropertyValueSpecification","valueRequired":true,"valueName":"search_term_string"}}],"inLanguage":"en-US"},{"@type":"Organization","@id":"https:\/\/www.segond-automobiles.com\/en\/#organization","name":"Segond Automobiles","url":"https:\/\/www.segond-automobiles.com\/en\/","logo":{"@type":"ImageObject","inLanguage":"en-US","@id":"https:\/\/www.segond-automobiles.com\/en\/#\/schema\/logo\/image\/","url":"https:\/\/www.segond-automobiles.com\/wp-content\/uploads\/2020\/12\/logo_Segond.png","contentUrl":"https:\/\/www.segond-automobiles.com\/wp-content\/uploads\/2020\/12\/logo_Segond.png","width":159,"height":79,"caption":"Segond Automobiles"},"image":{"@id":"https:\/\/www.segond-automobiles.com\/en\/#\/schema\/logo\/image\/"},"sameAs":["https:\/\/www.facebook.com\/groupesegondautomobiles","https:\/\/www.instagram.com\/groupesegondautomobiles\/","https:\/\/www.linkedin.com\/company\/groupe-segond-automobiles\/","https:\/\/www.youtube.com\/channel\/UCmyIrWpILerz0P3Ev_75pOQ\/featured"]},{"@type":"Person","@id":"https:\/\/www.segond-automobiles.com\/en\/#\/schema\/person\/cdfeef480d8a688f34438d59b34e1815","name":"inwin","image":{"@type":"ImageObject","inLanguage":"en-US","@id":"https:\/\/secure.gravatar.com\/avatar\/6adb9523a9dace54c9d50a136dea3a9b7aa331e3d4af477880dede40cc83f809?s=96&d=mm&r=g","url":"https:\/\/secure.gravatar.com\/avatar\/6adb9523a9dace54c9d50a136dea3a9b7aa331e3d4af477880dede40cc83f809?s=96&d=mm&r=g","contentUrl":"https:\/\/secure.gravatar.com\/avatar\/6adb9523a9dace54c9d50a136dea3a9b7aa331e3d4af477880dede40cc83f809?s=96&d=mm&r=g","caption":"inwin"}}]}},"_links":{"self":[{"href":"https:\/\/www.segond-automobiles.com\/en\/wp-json\/wp\/v2\/posts\/12707","targetHints":{"allow":["GET"]}}],"collection":[{"href":"https:\/\/www.segond-automobiles.com\/en\/wp-json\/wp\/v2\/posts"}],"about":[{"href":"https:\/\/www.segond-automobiles.com\/en\/wp-json\/wp\/v2\/types\/post"}],"author":[{"embeddable":true,"href":"https:\/\/www.segond-automobiles.com\/en\/wp-json\/wp\/v2\/users\/3"}],"replies":[{"embeddable":true,"href":"https:\/\/www.segond-automobiles.com\/en\/wp-json\/wp\/v2\/comments?post=12707"}],"version-history":[{"count":2,"href":"https:\/\/www.segond-automobiles.com\/en\/wp-json\/wp\/v2\/posts\/12707\/revisions"}],"predecessor-version":[{"id":12716,"href":"https:\/\/www.segond-automobiles.com\/en\/wp-json\/wp\/v2\/posts\/12707\/revisions\/12716"}],"wp:attachment":[{"href":"https:\/\/www.segond-automobiles.com\/en\/wp-json\/wp\/v2\/media?parent=12707"}],"wp:term":[{"taxonomy":"category","embeddable":true,"href":"https:\/\/www.segond-automobiles.com\/en\/wp-json\/wp\/v2\/categories?post=12707"},{"taxonomy":"post_tag","embeddable":true,"href":"https:\/\/www.segond-automobiles.com\/en\/wp-json\/wp\/v2\/tags?post=12707"}],"curies":[{"name":"wp","href":"https:\/\/api.w.org\/{rel}","templated":true}]}}