{"id":37912,"date":"2024-02-21T07:46:53","date_gmt":"2024-02-21T07:46:53","guid":{"rendered":"https:\/\/www.segond-automobiles.com\/?p=37912"},"modified":"2024-05-31T07:52:51","modified_gmt":"2024-05-31T07:52:51","slug":"chatgpt-audi-rs-6-avant-gt-2024-the-apex-of-exclusivity-and-performance","status":"publish","type":"post","link":"https:\/\/www.segond-automobiles.com\/en\/news\/audi-en\/chatgpt-audi-rs-6-avant-gt-2024-the-apex-of-exclusivity-and-performance\/","title":{"rendered":"Audi RS 6 Avant GT 2024: The Apex of Exclusivity and Performance"},"content":{"rendered":"<p><span style=\"font-size: 12pt;\">The new Audi RS 6 Avant GT special edition marks the pinnacle of the series, blending exclusive design and stunning performance. Tailored to a discerning clientele, this limited version, with only 660 units worldwide, boasts unique attributes both inside and out, ensuring immediate distinction and guaranteed exclusivity.<\/span><\/p>\n<h2><span style=\"font-size: 18pt;\">TRANSCENDED PERFORMANCE<\/span><\/h2>\n<p><span style=\"font-size: 12pt;\">The beating heart of the Audi RS 6 Avant GT is a 630hp twin-turbo V8 engine, promising a thrust of 850 Nm of torque, propelling this powerhouse from 0 to 100 km\/h in just 3.3 seconds. With a top speed of 305 km\/h and benefiting from an RS ceramic braking system, this special edition offers a dynamic driving experience enhanced by a unique adjustable suspension and an optimized quattro sport differential, ensuring agility and precision at every turn.<\/span><\/p>\n<h2><span style=\"font-size: 18pt;\">AESTHETICS AND EQUIPMENT: A NEW CHAPTER<\/span><\/h2>\n<p><span style=\"font-size: 12pt;\">The RS 6 Avant GT stands out with an exterior design inspired by the RS 6 GTO concept, featuring a carbon fiber body, exclusive 22-inch wheels, and details inherited from the legendary Audi 90 quattro IMSA GTO. Inside, the RS bucket seats, red and copper accents, and individual serial number engraved in the central console underline the uniqueness of each model. This special edition also offers a multitude of exterior color configurations and trims, ensuring extensive customization for the fortunate owners.<\/span><\/p>\n<p><span style=\"font-size: 12pt;\">This Audi RS 6 Avant GT is not just a car; it&#8217;s a bold statement of innovation and prestige, echoing Audi&#8217;s commitment to excellence in performance and design.<\/span><\/p>\n<p><span style=\"font-size: 12pt;\"><iframe loading=\"lazy\" title=\"YouTube video player\" src=\"https:\/\/www.youtube.com\/embed\/96jyuLyvC3s?si=sSVEO9UZgxIjYlHk\" width=\"800\" height=\"450\" frameborder=\"0\" allowfullscreen=\"allowfullscreen\"><span data-mce-type=\"bookmark\" style=\"display: inline-block; width: 0px; overflow: hidden; line-height: 0;\" class=\"mce_SELRES_start\">\ufeff<\/span><\/iframe> <\/span><\/p>\n<p>&nbsp;<\/p>\n\n\t\t<style type=\"text\/css\">\n\t\t\t#gallery-1 {\n\t\t\t\tmargin: auto;\n\t\t\t}\n\t\t\t#gallery-1 .gallery-item {\n\t\t\t\tfloat: left;\n\t\t\t\tmargin-top: 10px;\n\t\t\t\ttext-align: center;\n\t\t\t\twidth: 50%;\n\t\t\t}\n\t\t\t#gallery-1 img {\n\t\t\t\tborder: 2px solid #cfcfcf;\n\t\t\t}\n\t\t\t#gallery-1 .gallery-caption {\n\t\t\t\tmargin-left: 0;\n\t\t\t}\n\t\t\t\/* see gallery_shortcode() in wp-includes\/media.php *\/\n\t\t<\/style>\n\t\t<div id='gallery-1' class='gallery galleryid-37912 gallery-columns-2 gallery-size-full'><dl class='gallery-item'>\n\t\t\t<dt class='gallery-icon landscape'>\n\t\t\t\t<a href='https:\/\/www.segond-automobiles.com\/wp-content\/uploads\/2024\/02\/audi-rs6-avant-GT_8.jpg'><img loading=\"lazy\" decoding=\"async\" width=\"1500\" height=\"1000\" src=\"https:\/\/www.segond-automobiles.com\/wp-content\/uploads\/2024\/02\/audi-rs6-avant-GT_8.jpg\" class=\"attachment-full size-full\" alt=\"audi-rs6-avant-GT\" srcset=\"https:\/\/www.segond-automobiles.com\/wp-content\/uploads\/2024\/02\/audi-rs6-avant-GT_8.jpg 1500w, https:\/\/www.segond-automobiles.com\/wp-content\/uploads\/2024\/02\/audi-rs6-avant-GT_8-300x200.jpg 300w, https:\/\/www.segond-automobiles.com\/wp-content\/uploads\/2024\/02\/audi-rs6-avant-GT_8-1024x683.jpg 1024w, https:\/\/www.segond-automobiles.com\/wp-content\/uploads\/2024\/02\/audi-rs6-avant-GT_8-768x512.jpg 768w, https:\/\/www.segond-automobiles.com\/wp-content\/uploads\/2024\/02\/audi-rs6-avant-GT_8-110x73.jpg 110w\" sizes=\"auto, (max-width: 1500px) 100vw, 1500px\" \/><\/a>\n\t\t\t<\/dt><\/dl><dl class='gallery-item'>\n\t\t\t<dt class='gallery-icon landscape'>\n\t\t\t\t<a href='https:\/\/www.segond-automobiles.com\/wp-content\/uploads\/2024\/02\/audi-rs6-avant-GT_9.jpg'><img loading=\"lazy\" decoding=\"async\" width=\"1500\" height=\"999\" src=\"https:\/\/www.segond-automobiles.com\/wp-content\/uploads\/2024\/02\/audi-rs6-avant-GT_9.jpg\" class=\"attachment-full size-full\" alt=\"audi-rs6-avant-GT\" srcset=\"https:\/\/www.segond-automobiles.com\/wp-content\/uploads\/2024\/02\/audi-rs6-avant-GT_9.jpg 1500w, https:\/\/www.segond-automobiles.com\/wp-content\/uploads\/2024\/02\/audi-rs6-avant-GT_9-300x200.jpg 300w, https:\/\/www.segond-automobiles.com\/wp-content\/uploads\/2024\/02\/audi-rs6-avant-GT_9-1024x682.jpg 1024w, https:\/\/www.segond-automobiles.com\/wp-content\/uploads\/2024\/02\/audi-rs6-avant-GT_9-768x511.jpg 768w, https:\/\/www.segond-automobiles.com\/wp-content\/uploads\/2024\/02\/audi-rs6-avant-GT_9-110x73.jpg 110w\" sizes=\"auto, (max-width: 1500px) 100vw, 1500px\" \/><\/a>\n\t\t\t<\/dt><\/dl><br style=\"clear: both\" \/><dl class='gallery-item'>\n\t\t\t<dt class='gallery-icon landscape'>\n\t\t\t\t<a href='https:\/\/www.segond-automobiles.com\/wp-content\/uploads\/2024\/02\/audi-rs6-avant-GT_4.jpg'><img loading=\"lazy\" decoding=\"async\" width=\"1500\" height=\"1125\" src=\"https:\/\/www.segond-automobiles.com\/wp-content\/uploads\/2024\/02\/audi-rs6-avant-GT_4.jpg\" class=\"attachment-full size-full\" alt=\"audi-rs6-avant-GT\" srcset=\"https:\/\/www.segond-automobiles.com\/wp-content\/uploads\/2024\/02\/audi-rs6-avant-GT_4.jpg 1500w, https:\/\/www.segond-automobiles.com\/wp-content\/uploads\/2024\/02\/audi-rs6-avant-GT_4-300x225.jpg 300w, https:\/\/www.segond-automobiles.com\/wp-content\/uploads\/2024\/02\/audi-rs6-avant-GT_4-1024x768.jpg 1024w, https:\/\/www.segond-automobiles.com\/wp-content\/uploads\/2024\/02\/audi-rs6-avant-GT_4-768x576.jpg 768w, https:\/\/www.segond-automobiles.com\/wp-content\/uploads\/2024\/02\/audi-rs6-avant-GT_4-96x72.jpg 96w, https:\/\/www.segond-automobiles.com\/wp-content\/uploads\/2024\/02\/audi-rs6-avant-GT_4-564x424.jpg 564w, https:\/\/www.segond-automobiles.com\/wp-content\/uploads\/2024\/02\/audi-rs6-avant-GT_4-402x302.jpg 402w, https:\/\/www.segond-automobiles.com\/wp-content\/uploads\/2024\/02\/audi-rs6-avant-GT_4-107x79.jpg 107w, https:\/\/www.segond-automobiles.com\/wp-content\/uploads\/2024\/02\/audi-rs6-avant-GT_4-97x73.jpg 97w\" sizes=\"auto, (max-width: 1500px) 100vw, 1500px\" \/><\/a>\n\t\t\t<\/dt><\/dl><dl class='gallery-item'>\n\t\t\t<dt class='gallery-icon landscape'>\n\t\t\t\t<a href='https:\/\/www.segond-automobiles.com\/wp-content\/uploads\/2024\/02\/RS6_Avant_GT_2.jpg'><img loading=\"lazy\" decoding=\"async\" width=\"1500\" height=\"1125\" src=\"https:\/\/www.segond-automobiles.com\/wp-content\/uploads\/2024\/02\/RS6_Avant_GT_2.jpg\" class=\"attachment-full size-full\" alt=\"RS6 AVANT GT\" srcset=\"https:\/\/www.segond-automobiles.com\/wp-content\/uploads\/2024\/02\/RS6_Avant_GT_2.jpg 1500w, https:\/\/www.segond-automobiles.com\/wp-content\/uploads\/2024\/02\/RS6_Avant_GT_2-300x225.jpg 300w, https:\/\/www.segond-automobiles.com\/wp-content\/uploads\/2024\/02\/RS6_Avant_GT_2-1024x768.jpg 1024w, https:\/\/www.segond-automobiles.com\/wp-content\/uploads\/2024\/02\/RS6_Avant_GT_2-768x576.jpg 768w, https:\/\/www.segond-automobiles.com\/wp-content\/uploads\/2024\/02\/RS6_Avant_GT_2-96x72.jpg 96w, https:\/\/www.segond-automobiles.com\/wp-content\/uploads\/2024\/02\/RS6_Avant_GT_2-564x424.jpg 564w, https:\/\/www.segond-automobiles.com\/wp-content\/uploads\/2024\/02\/RS6_Avant_GT_2-402x302.jpg 402w, https:\/\/www.segond-automobiles.com\/wp-content\/uploads\/2024\/02\/RS6_Avant_GT_2-107x79.jpg 107w, https:\/\/www.segond-automobiles.com\/wp-content\/uploads\/2024\/02\/RS6_Avant_GT_2-97x73.jpg 97w\" sizes=\"auto, (max-width: 1500px) 100vw, 1500px\" \/><\/a>\n\t\t\t<\/dt><\/dl><br style=\"clear: both\" \/><dl class='gallery-item'>\n\t\t\t<dt class='gallery-icon landscape'>\n\t\t\t\t<a href='https:\/\/www.segond-automobiles.com\/wp-content\/uploads\/2024\/02\/RS6_Avant_GT_18.jpg'><img loading=\"lazy\" decoding=\"async\" width=\"1500\" height=\"1125\" src=\"https:\/\/www.segond-automobiles.com\/wp-content\/uploads\/2024\/02\/RS6_Avant_GT_18.jpg\" class=\"attachment-full size-full\" alt=\"RS\" srcset=\"https:\/\/www.segond-automobiles.com\/wp-content\/uploads\/2024\/02\/RS6_Avant_GT_18.jpg 1500w, https:\/\/www.segond-automobiles.com\/wp-content\/uploads\/2024\/02\/RS6_Avant_GT_18-300x225.jpg 300w, https:\/\/www.segond-automobiles.com\/wp-content\/uploads\/2024\/02\/RS6_Avant_GT_18-1024x768.jpg 1024w, https:\/\/www.segond-automobiles.com\/wp-content\/uploads\/2024\/02\/RS6_Avant_GT_18-768x576.jpg 768w, https:\/\/www.segond-automobiles.com\/wp-content\/uploads\/2024\/02\/RS6_Avant_GT_18-96x72.jpg 96w, https:\/\/www.segond-automobiles.com\/wp-content\/uploads\/2024\/02\/RS6_Avant_GT_18-564x424.jpg 564w, https:\/\/www.segond-automobiles.com\/wp-content\/uploads\/2024\/02\/RS6_Avant_GT_18-402x302.jpg 402w, https:\/\/www.segond-automobiles.com\/wp-content\/uploads\/2024\/02\/RS6_Avant_GT_18-107x79.jpg 107w, https:\/\/www.segond-automobiles.com\/wp-content\/uploads\/2024\/02\/RS6_Avant_GT_18-97x73.jpg 97w\" sizes=\"auto, (max-width: 1500px) 100vw, 1500px\" \/><\/a>\n\t\t\t<\/dt><\/dl><dl class='gallery-item'>\n\t\t\t<dt class='gallery-icon landscape'>\n\t\t\t\t<a href='https:\/\/www.segond-automobiles.com\/wp-content\/uploads\/2024\/02\/audi-rs6-avant-GT_1.jpg'><img loading=\"lazy\" decoding=\"async\" width=\"1500\" height=\"1125\" src=\"https:\/\/www.segond-automobiles.com\/wp-content\/uploads\/2024\/02\/audi-rs6-avant-GT_1.jpg\" class=\"attachment-full size-full\" alt=\"audi-rs6-avant-GT\" srcset=\"https:\/\/www.segond-automobiles.com\/wp-content\/uploads\/2024\/02\/audi-rs6-avant-GT_1.jpg 1500w, https:\/\/www.segond-automobiles.com\/wp-content\/uploads\/2024\/02\/audi-rs6-avant-GT_1-300x225.jpg 300w, https:\/\/www.segond-automobiles.com\/wp-content\/uploads\/2024\/02\/audi-rs6-avant-GT_1-1024x768.jpg 1024w, https:\/\/www.segond-automobiles.com\/wp-content\/uploads\/2024\/02\/audi-rs6-avant-GT_1-768x576.jpg 768w, https:\/\/www.segond-automobiles.com\/wp-content\/uploads\/2024\/02\/audi-rs6-avant-GT_1-96x72.jpg 96w, https:\/\/www.segond-automobiles.com\/wp-content\/uploads\/2024\/02\/audi-rs6-avant-GT_1-564x424.jpg 564w, https:\/\/www.segond-automobiles.com\/wp-content\/uploads\/2024\/02\/audi-rs6-avant-GT_1-402x302.jpg 402w, https:\/\/www.segond-automobiles.com\/wp-content\/uploads\/2024\/02\/audi-rs6-avant-GT_1-107x79.jpg 107w, https:\/\/www.segond-automobiles.com\/wp-content\/uploads\/2024\/02\/audi-rs6-avant-GT_1-97x73.jpg 97w\" sizes=\"auto, (max-width: 1500px) 100vw, 1500px\" \/><\/a>\n\t\t\t<\/dt><\/dl><br style=\"clear: both\" \/>\n\t\t<\/div>\n\n","protected":false},"excerpt":{"rendered":"<p>The new Audi RS 6 Avant GT special edition marks the pinnacle of the series, blending exclusive design and stunning performance. Tailored to a discerning clientele, this limited version, [&hellip;]<\/p>\n","protected":false},"author":3,"featured_media":37916,"comment_status":"closed","ping_status":"closed","sticky":false,"template":"","format":"standard","meta":{"footnotes":""},"categories":[1060,1053],"tags":[],"class_list":["post-37912","post","type-post","status-publish","format-standard","has-post-thumbnail","hentry","category-audi-en","category-news"],"yoast_head":"<!-- This site is optimized with the Yoast SEO plugin v27.4 - https:\/\/yoast.com\/product\/yoast-seo-wordpress\/ -->\n<title>Audi RS 6 Avant GT 2024 - Exclusivit\u00e9 et Performances<\/title>\n<meta name=\"description\" content=\"L&#039;AUDI e-tron se met \u00e0 jour et change de patronyme pour s&#039;appeler d\u00e9sormais Q8 e-tron. Au menu : restylage et augmentation de l&#039;autonomie\" \/>\n<meta name=\"robots\" content=\"index, follow, max-snippet:-1, max-image-preview:large, max-video-preview:-1\" \/>\n<link rel=\"canonical\" href=\"https:\/\/www.segond-automobiles.com\/en\/news\/audi-en\/chatgpt-audi-rs-6-avant-gt-2024-the-apex-of-exclusivity-and-performance\/\" \/>\n<meta property=\"og:locale\" content=\"en_US\" \/>\n<meta property=\"og:type\" content=\"article\" \/>\n<meta property=\"og:title\" content=\"Audi RS 6 Avant GT 2024 - Exclusivit\u00e9 et Performances\" \/>\n<meta property=\"og:description\" content=\"L&#039;AUDI e-tron se met \u00e0 jour et change de patronyme pour s&#039;appeler d\u00e9sormais Q8 e-tron. Au menu : restylage et augmentation de l&#039;autonomie\" \/>\n<meta property=\"og:url\" content=\"https:\/\/www.segond-automobiles.com\/en\/news\/audi-en\/chatgpt-audi-rs-6-avant-gt-2024-the-apex-of-exclusivity-and-performance\/\" \/>\n<meta property=\"og:site_name\" content=\"Segond Automobiles\" \/>\n<meta property=\"article:publisher\" content=\"https:\/\/www.facebook.com\/groupesegondautomobiles\" \/>\n<meta property=\"article:published_time\" content=\"2024-02-21T07:46:53+00:00\" \/>\n<meta property=\"article:modified_time\" content=\"2024-05-31T07:52:51+00:00\" \/>\n<meta property=\"og:image\" content=\"https:\/\/www.segond-automobiles.com\/wp-content\/uploads\/2024\/02\/audi-rs6-avant-GT_8.jpg\" \/>\n\t<meta property=\"og:image:width\" content=\"1500\" \/>\n\t<meta property=\"og:image:height\" content=\"1000\" \/>\n\t<meta property=\"og:image:type\" content=\"image\/jpeg\" \/>\n<meta name=\"author\" content=\"inwin\" \/>\n<meta name=\"twitter:card\" content=\"summary_large_image\" \/>\n<meta name=\"twitter:label1\" content=\"Written by\" \/>\n\t<meta name=\"twitter:data1\" content=\"inwin\" \/>\n\t<meta name=\"twitter:label2\" content=\"Est. reading time\" \/>\n\t<meta name=\"twitter:data2\" content=\"2 minutes\" \/>\n<script type=\"application\/ld+json\" class=\"yoast-schema-graph\">{\"@context\":\"https:\\\/\\\/schema.org\",\"@graph\":[{\"@type\":\"Article\",\"@id\":\"https:\\\/\\\/www.segond-automobiles.com\\\/en\\\/news\\\/audi-en\\\/chatgpt-audi-rs-6-avant-gt-2024-the-apex-of-exclusivity-and-performance\\\/#article\",\"isPartOf\":{\"@id\":\"https:\\\/\\\/www.segond-automobiles.com\\\/en\\\/news\\\/audi-en\\\/chatgpt-audi-rs-6-avant-gt-2024-the-apex-of-exclusivity-and-performance\\\/\"},\"author\":{\"name\":\"inwin\",\"@id\":\"https:\\\/\\\/www.segond-automobiles.com\\\/en\\\/#\\\/schema\\\/person\\\/cdfeef480d8a688f34438d59b34e1815\"},\"headline\":\"Audi RS 6 Avant GT 2024: The Apex of Exclusivity and Performance\",\"datePublished\":\"2024-02-21T07:46:53+00:00\",\"dateModified\":\"2024-05-31T07:52:51+00:00\",\"mainEntityOfPage\":{\"@id\":\"https:\\\/\\\/www.segond-automobiles.com\\\/en\\\/news\\\/audi-en\\\/chatgpt-audi-rs-6-avant-gt-2024-the-apex-of-exclusivity-and-performance\\\/\"},\"wordCount\":252,\"publisher\":{\"@id\":\"https:\\\/\\\/www.segond-automobiles.com\\\/en\\\/#organization\"},\"image\":{\"@id\":\"https:\\\/\\\/www.segond-automobiles.com\\\/en\\\/news\\\/audi-en\\\/chatgpt-audi-rs-6-avant-gt-2024-the-apex-of-exclusivity-and-performance\\\/#primaryimage\"},\"thumbnailUrl\":\"https:\\\/\\\/www.segond-automobiles.com\\\/wp-content\\\/uploads\\\/2024\\\/02\\\/audi-rs6-avant-GT_8.jpg\",\"articleSection\":[\"Audi news\",\"News\"],\"inLanguage\":\"en-US\"},{\"@type\":\"WebPage\",\"@id\":\"https:\\\/\\\/www.segond-automobiles.com\\\/en\\\/news\\\/audi-en\\\/chatgpt-audi-rs-6-avant-gt-2024-the-apex-of-exclusivity-and-performance\\\/\",\"url\":\"https:\\\/\\\/www.segond-automobiles.com\\\/en\\\/news\\\/audi-en\\\/chatgpt-audi-rs-6-avant-gt-2024-the-apex-of-exclusivity-and-performance\\\/\",\"name\":\"Audi RS 6 Avant GT 2024 - Exclusivit\u00e9 et Performances\",\"isPartOf\":{\"@id\":\"https:\\\/\\\/www.segond-automobiles.com\\\/en\\\/#website\"},\"primaryImageOfPage\":{\"@id\":\"https:\\\/\\\/www.segond-automobiles.com\\\/en\\\/news\\\/audi-en\\\/chatgpt-audi-rs-6-avant-gt-2024-the-apex-of-exclusivity-and-performance\\\/#primaryimage\"},\"image\":{\"@id\":\"https:\\\/\\\/www.segond-automobiles.com\\\/en\\\/news\\\/audi-en\\\/chatgpt-audi-rs-6-avant-gt-2024-the-apex-of-exclusivity-and-performance\\\/#primaryimage\"},\"thumbnailUrl\":\"https:\\\/\\\/www.segond-automobiles.com\\\/wp-content\\\/uploads\\\/2024\\\/02\\\/audi-rs6-avant-GT_8.jpg\",\"datePublished\":\"2024-02-21T07:46:53+00:00\",\"dateModified\":\"2024-05-31T07:52:51+00:00\",\"description\":\"L'AUDI e-tron se met \u00e0 jour et change de patronyme pour s'appeler d\u00e9sormais Q8 e-tron. Au menu : restylage et augmentation de l'autonomie\",\"breadcrumb\":{\"@id\":\"https:\\\/\\\/www.segond-automobiles.com\\\/en\\\/news\\\/audi-en\\\/chatgpt-audi-rs-6-avant-gt-2024-the-apex-of-exclusivity-and-performance\\\/#breadcrumb\"},\"inLanguage\":\"en-US\",\"potentialAction\":[{\"@type\":\"ReadAction\",\"target\":[\"https:\\\/\\\/www.segond-automobiles.com\\\/en\\\/news\\\/audi-en\\\/chatgpt-audi-rs-6-avant-gt-2024-the-apex-of-exclusivity-and-performance\\\/\"]}]},{\"@type\":\"ImageObject\",\"inLanguage\":\"en-US\",\"@id\":\"https:\\\/\\\/www.segond-automobiles.com\\\/en\\\/news\\\/audi-en\\\/chatgpt-audi-rs-6-avant-gt-2024-the-apex-of-exclusivity-and-performance\\\/#primaryimage\",\"url\":\"https:\\\/\\\/www.segond-automobiles.com\\\/wp-content\\\/uploads\\\/2024\\\/02\\\/audi-rs6-avant-GT_8.jpg\",\"contentUrl\":\"https:\\\/\\\/www.segond-automobiles.com\\\/wp-content\\\/uploads\\\/2024\\\/02\\\/audi-rs6-avant-GT_8.jpg\",\"width\":1500,\"height\":1000,\"caption\":\"audi-rs6-avant-GT\"},{\"@type\":\"BreadcrumbList\",\"@id\":\"https:\\\/\\\/www.segond-automobiles.com\\\/en\\\/news\\\/audi-en\\\/chatgpt-audi-rs-6-avant-gt-2024-the-apex-of-exclusivity-and-performance\\\/#breadcrumb\",\"itemListElement\":[{\"@type\":\"ListItem\",\"position\":1,\"name\":\"Accueil\",\"item\":\"https:\\\/\\\/www.segond-automobiles.com\\\/en\\\/\"},{\"@type\":\"ListItem\",\"position\":2,\"name\":\"Audi RS 6 Avant GT 2024: The Apex of Exclusivity and Performance\"}]},{\"@type\":\"WebSite\",\"@id\":\"https:\\\/\\\/www.segond-automobiles.com\\\/en\\\/#website\",\"url\":\"https:\\\/\\\/www.segond-automobiles.com\\\/en\\\/\",\"name\":\"Segond Automobiles\",\"description\":\"\",\"publisher\":{\"@id\":\"https:\\\/\\\/www.segond-automobiles.com\\\/en\\\/#organization\"},\"potentialAction\":[{\"@type\":\"SearchAction\",\"target\":{\"@type\":\"EntryPoint\",\"urlTemplate\":\"https:\\\/\\\/www.segond-automobiles.com\\\/en\\\/?s={search_term_string}\"},\"query-input\":{\"@type\":\"PropertyValueSpecification\",\"valueRequired\":true,\"valueName\":\"search_term_string\"}}],\"inLanguage\":\"en-US\"},{\"@type\":\"Organization\",\"@id\":\"https:\\\/\\\/www.segond-automobiles.com\\\/en\\\/#organization\",\"name\":\"Segond Automobiles\",\"url\":\"https:\\\/\\\/www.segond-automobiles.com\\\/en\\\/\",\"logo\":{\"@type\":\"ImageObject\",\"inLanguage\":\"en-US\",\"@id\":\"https:\\\/\\\/www.segond-automobiles.com\\\/en\\\/#\\\/schema\\\/logo\\\/image\\\/\",\"url\":\"https:\\\/\\\/www.segond-automobiles.com\\\/wp-content\\\/uploads\\\/2020\\\/12\\\/logo_Segond.png\",\"contentUrl\":\"https:\\\/\\\/www.segond-automobiles.com\\\/wp-content\\\/uploads\\\/2020\\\/12\\\/logo_Segond.png\",\"width\":159,\"height\":79,\"caption\":\"Segond Automobiles\"},\"image\":{\"@id\":\"https:\\\/\\\/www.segond-automobiles.com\\\/en\\\/#\\\/schema\\\/logo\\\/image\\\/\"},\"sameAs\":[\"https:\\\/\\\/www.facebook.com\\\/groupesegondautomobiles\",\"https:\\\/\\\/www.instagram.com\\\/groupesegondautomobiles\\\/\",\"https:\\\/\\\/www.linkedin.com\\\/company\\\/groupe-segond-automobiles\\\/\",\"https:\\\/\\\/www.youtube.com\\\/channel\\\/UCmyIrWpILerz0P3Ev_75pOQ\\\/featured\"]},{\"@type\":\"Person\",\"@id\":\"https:\\\/\\\/www.segond-automobiles.com\\\/en\\\/#\\\/schema\\\/person\\\/cdfeef480d8a688f34438d59b34e1815\",\"name\":\"inwin\",\"image\":{\"@type\":\"ImageObject\",\"inLanguage\":\"en-US\",\"@id\":\"https:\\\/\\\/secure.gravatar.com\\\/avatar\\\/6adb9523a9dace54c9d50a136dea3a9b7aa331e3d4af477880dede40cc83f809?s=96&d=mm&r=g\",\"url\":\"https:\\\/\\\/secure.gravatar.com\\\/avatar\\\/6adb9523a9dace54c9d50a136dea3a9b7aa331e3d4af477880dede40cc83f809?s=96&d=mm&r=g\",\"contentUrl\":\"https:\\\/\\\/secure.gravatar.com\\\/avatar\\\/6adb9523a9dace54c9d50a136dea3a9b7aa331e3d4af477880dede40cc83f809?s=96&d=mm&r=g\",\"caption\":\"inwin\"}}]}<\/script>\n<!-- \/ Yoast SEO plugin. -->","yoast_head_json":{"title":"Audi RS 6 Avant GT 2024 - Exclusivit\u00e9 et Performances","description":"L'AUDI e-tron se met \u00e0 jour et change de patronyme pour s'appeler d\u00e9sormais Q8 e-tron. Au menu : restylage et augmentation de l'autonomie","robots":{"index":"index","follow":"follow","max-snippet":"max-snippet:-1","max-image-preview":"max-image-preview:large","max-video-preview":"max-video-preview:-1"},"canonical":"https:\/\/www.segond-automobiles.com\/en\/news\/audi-en\/chatgpt-audi-rs-6-avant-gt-2024-the-apex-of-exclusivity-and-performance\/","og_locale":"en_US","og_type":"article","og_title":"Audi RS 6 Avant GT 2024 - Exclusivit\u00e9 et Performances","og_description":"L'AUDI e-tron se met \u00e0 jour et change de patronyme pour s'appeler d\u00e9sormais Q8 e-tron. Au menu : restylage et augmentation de l'autonomie","og_url":"https:\/\/www.segond-automobiles.com\/en\/news\/audi-en\/chatgpt-audi-rs-6-avant-gt-2024-the-apex-of-exclusivity-and-performance\/","og_site_name":"Segond Automobiles","article_publisher":"https:\/\/www.facebook.com\/groupesegondautomobiles","article_published_time":"2024-02-21T07:46:53+00:00","article_modified_time":"2024-05-31T07:52:51+00:00","og_image":[{"width":1500,"height":1000,"url":"https:\/\/www.segond-automobiles.com\/wp-content\/uploads\/2024\/02\/audi-rs6-avant-GT_8.jpg","type":"image\/jpeg"}],"author":"inwin","twitter_card":"summary_large_image","twitter_misc":{"Written by":"inwin","Est. reading time":"2 minutes"},"schema":{"@context":"https:\/\/schema.org","@graph":[{"@type":"Article","@id":"https:\/\/www.segond-automobiles.com\/en\/news\/audi-en\/chatgpt-audi-rs-6-avant-gt-2024-the-apex-of-exclusivity-and-performance\/#article","isPartOf":{"@id":"https:\/\/www.segond-automobiles.com\/en\/news\/audi-en\/chatgpt-audi-rs-6-avant-gt-2024-the-apex-of-exclusivity-and-performance\/"},"author":{"name":"inwin","@id":"https:\/\/www.segond-automobiles.com\/en\/#\/schema\/person\/cdfeef480d8a688f34438d59b34e1815"},"headline":"Audi RS 6 Avant GT 2024: The Apex of Exclusivity and Performance","datePublished":"2024-02-21T07:46:53+00:00","dateModified":"2024-05-31T07:52:51+00:00","mainEntityOfPage":{"@id":"https:\/\/www.segond-automobiles.com\/en\/news\/audi-en\/chatgpt-audi-rs-6-avant-gt-2024-the-apex-of-exclusivity-and-performance\/"},"wordCount":252,"publisher":{"@id":"https:\/\/www.segond-automobiles.com\/en\/#organization"},"image":{"@id":"https:\/\/www.segond-automobiles.com\/en\/news\/audi-en\/chatgpt-audi-rs-6-avant-gt-2024-the-apex-of-exclusivity-and-performance\/#primaryimage"},"thumbnailUrl":"https:\/\/www.segond-automobiles.com\/wp-content\/uploads\/2024\/02\/audi-rs6-avant-GT_8.jpg","articleSection":["Audi news","News"],"inLanguage":"en-US"},{"@type":"WebPage","@id":"https:\/\/www.segond-automobiles.com\/en\/news\/audi-en\/chatgpt-audi-rs-6-avant-gt-2024-the-apex-of-exclusivity-and-performance\/","url":"https:\/\/www.segond-automobiles.com\/en\/news\/audi-en\/chatgpt-audi-rs-6-avant-gt-2024-the-apex-of-exclusivity-and-performance\/","name":"Audi RS 6 Avant GT 2024 - Exclusivit\u00e9 et Performances","isPartOf":{"@id":"https:\/\/www.segond-automobiles.com\/en\/#website"},"primaryImageOfPage":{"@id":"https:\/\/www.segond-automobiles.com\/en\/news\/audi-en\/chatgpt-audi-rs-6-avant-gt-2024-the-apex-of-exclusivity-and-performance\/#primaryimage"},"image":{"@id":"https:\/\/www.segond-automobiles.com\/en\/news\/audi-en\/chatgpt-audi-rs-6-avant-gt-2024-the-apex-of-exclusivity-and-performance\/#primaryimage"},"thumbnailUrl":"https:\/\/www.segond-automobiles.com\/wp-content\/uploads\/2024\/02\/audi-rs6-avant-GT_8.jpg","datePublished":"2024-02-21T07:46:53+00:00","dateModified":"2024-05-31T07:52:51+00:00","description":"L'AUDI e-tron se met \u00e0 jour et change de patronyme pour s'appeler d\u00e9sormais Q8 e-tron. Au menu : restylage et augmentation de l'autonomie","breadcrumb":{"@id":"https:\/\/www.segond-automobiles.com\/en\/news\/audi-en\/chatgpt-audi-rs-6-avant-gt-2024-the-apex-of-exclusivity-and-performance\/#breadcrumb"},"inLanguage":"en-US","potentialAction":[{"@type":"ReadAction","target":["https:\/\/www.segond-automobiles.com\/en\/news\/audi-en\/chatgpt-audi-rs-6-avant-gt-2024-the-apex-of-exclusivity-and-performance\/"]}]},{"@type":"ImageObject","inLanguage":"en-US","@id":"https:\/\/www.segond-automobiles.com\/en\/news\/audi-en\/chatgpt-audi-rs-6-avant-gt-2024-the-apex-of-exclusivity-and-performance\/#primaryimage","url":"https:\/\/www.segond-automobiles.com\/wp-content\/uploads\/2024\/02\/audi-rs6-avant-GT_8.jpg","contentUrl":"https:\/\/www.segond-automobiles.com\/wp-content\/uploads\/2024\/02\/audi-rs6-avant-GT_8.jpg","width":1500,"height":1000,"caption":"audi-rs6-avant-GT"},{"@type":"BreadcrumbList","@id":"https:\/\/www.segond-automobiles.com\/en\/news\/audi-en\/chatgpt-audi-rs-6-avant-gt-2024-the-apex-of-exclusivity-and-performance\/#breadcrumb","itemListElement":[{"@type":"ListItem","position":1,"name":"Accueil","item":"https:\/\/www.segond-automobiles.com\/en\/"},{"@type":"ListItem","position":2,"name":"Audi RS 6 Avant GT 2024: The Apex of Exclusivity and Performance"}]},{"@type":"WebSite","@id":"https:\/\/www.segond-automobiles.com\/en\/#website","url":"https:\/\/www.segond-automobiles.com\/en\/","name":"Segond Automobiles","description":"","publisher":{"@id":"https:\/\/www.segond-automobiles.com\/en\/#organization"},"potentialAction":[{"@type":"SearchAction","target":{"@type":"EntryPoint","urlTemplate":"https:\/\/www.segond-automobiles.com\/en\/?s={search_term_string}"},"query-input":{"@type":"PropertyValueSpecification","valueRequired":true,"valueName":"search_term_string"}}],"inLanguage":"en-US"},{"@type":"Organization","@id":"https:\/\/www.segond-automobiles.com\/en\/#organization","name":"Segond Automobiles","url":"https:\/\/www.segond-automobiles.com\/en\/","logo":{"@type":"ImageObject","inLanguage":"en-US","@id":"https:\/\/www.segond-automobiles.com\/en\/#\/schema\/logo\/image\/","url":"https:\/\/www.segond-automobiles.com\/wp-content\/uploads\/2020\/12\/logo_Segond.png","contentUrl":"https:\/\/www.segond-automobiles.com\/wp-content\/uploads\/2020\/12\/logo_Segond.png","width":159,"height":79,"caption":"Segond Automobiles"},"image":{"@id":"https:\/\/www.segond-automobiles.com\/en\/#\/schema\/logo\/image\/"},"sameAs":["https:\/\/www.facebook.com\/groupesegondautomobiles","https:\/\/www.instagram.com\/groupesegondautomobiles\/","https:\/\/www.linkedin.com\/company\/groupe-segond-automobiles\/","https:\/\/www.youtube.com\/channel\/UCmyIrWpILerz0P3Ev_75pOQ\/featured"]},{"@type":"Person","@id":"https:\/\/www.segond-automobiles.com\/en\/#\/schema\/person\/cdfeef480d8a688f34438d59b34e1815","name":"inwin","image":{"@type":"ImageObject","inLanguage":"en-US","@id":"https:\/\/secure.gravatar.com\/avatar\/6adb9523a9dace54c9d50a136dea3a9b7aa331e3d4af477880dede40cc83f809?s=96&d=mm&r=g","url":"https:\/\/secure.gravatar.com\/avatar\/6adb9523a9dace54c9d50a136dea3a9b7aa331e3d4af477880dede40cc83f809?s=96&d=mm&r=g","contentUrl":"https:\/\/secure.gravatar.com\/avatar\/6adb9523a9dace54c9d50a136dea3a9b7aa331e3d4af477880dede40cc83f809?s=96&d=mm&r=g","caption":"inwin"}}]}},"_links":{"self":[{"href":"https:\/\/www.segond-automobiles.com\/en\/wp-json\/wp\/v2\/posts\/37912","targetHints":{"allow":["GET"]}}],"collection":[{"href":"https:\/\/www.segond-automobiles.com\/en\/wp-json\/wp\/v2\/posts"}],"about":[{"href":"https:\/\/www.segond-automobiles.com\/en\/wp-json\/wp\/v2\/types\/post"}],"author":[{"embeddable":true,"href":"https:\/\/www.segond-automobiles.com\/en\/wp-json\/wp\/v2\/users\/3"}],"replies":[{"embeddable":true,"href":"https:\/\/www.segond-automobiles.com\/en\/wp-json\/wp\/v2\/comments?post=37912"}],"version-history":[{"count":3,"href":"https:\/\/www.segond-automobiles.com\/en\/wp-json\/wp\/v2\/posts\/37912\/revisions"}],"predecessor-version":[{"id":39817,"href":"https:\/\/www.segond-automobiles.com\/en\/wp-json\/wp\/v2\/posts\/37912\/revisions\/39817"}],"wp:featuredmedia":[{"embeddable":true,"href":"https:\/\/www.segond-automobiles.com\/en\/wp-json\/wp\/v2\/media\/37916"}],"wp:attachment":[{"href":"https:\/\/www.segond-automobiles.com\/en\/wp-json\/wp\/v2\/media?parent=37912"}],"wp:term":[{"taxonomy":"category","embeddable":true,"href":"https:\/\/www.segond-automobiles.com\/en\/wp-json\/wp\/v2\/categories?post=37912"},{"taxonomy":"post_tag","embeddable":true,"href":"https:\/\/www.segond-automobiles.com\/en\/wp-json\/wp\/v2\/tags?post=37912"}],"curies":[{"name":"wp","href":"https:\/\/api.w.org\/{rel}","templated":true}]}}