{"id":41165,"date":"2024-09-20T08:06:15","date_gmt":"2024-09-20T08:06:15","guid":{"rendered":"https:\/\/www.segond-automobiles.com\/?p=41165"},"modified":"2024-09-20T11:51:14","modified_gmt":"2024-09-20T11:51:14","slug":"audi-a6-e-tron","status":"publish","type":"post","link":"https:\/\/www.segond-automobiles.com\/en\/news\/audi-en\/audi-a6-e-tron\/","title":{"rendered":"The Audi A6 e-tron: A Major Evolution in the Electric Executive Saloon Segment"},"content":{"rendered":"<p><span style=\"font-size: 12pt;\">The Audi A6 e-tron marks a significant step forward in the electric large saloon category, combining striking design with impressive range, appealing to drivers seeking both performance and elegance.<\/span><\/p>\n<h2>A6 Sportback e-tron: The Most Aerodynamic Audi of All Time<\/h2>\n<p><span style=\"font-size: 12pt;\">With a drag coefficient (Cx) of 0.21, the <strong>Audi A6 Sportback e-tron<\/strong> sets a new record for the brand, making it the most aerodynamic model in Audi\u2019s history and across the Volkswagen Group. This outstanding performance is the result of more than 2,800 simulations and countless hours of wind tunnel testing. Engineers, working closely with designers, optimized every detail, from the airflow beneath the Singleframe grille to the air curtains that improve airflow around the front wheels. The rear of the car has been meticulously sculpted to maximize aerodynamic efficiency, featuring a diffuser and specific lateral edges designed to facilitate controlled air separation. Every millimeter has been finely tuned with precise attention to detail, such as the specially developed wheel covers, all contributing to reducing drag and improving range. Even the wheels, available in various sizes, have been designed to minimize turbulence while maintaining aesthetic appeal. Thanks to these innovations, the <strong>A6 Sportback e-tron<\/strong> demonstrates how Audi combines aerodynamic performance with cutting-edge design, maximizing driving range for its users.<\/span><\/p>\n<h2>NEW AUDI A6 E-TRON: A MODEL AT THE FOREFRONT OF TECHNOLOGY<\/h2>\n<p><span style=\"font-size: 12pt;\">Audi has unveiled its new A6 e-tron model, available in both Sportback and Avant versions, distinguished by its dynamic and refined aesthetics. Its exterior design, featuring a lowered roofline and a wide Singleframe grille, reflects the identity of the e-tron range while offering unparalleled aerodynamics, with a drag coefficient of 0.21 for the Sportback. This aerodynamic efficiency enhances performance, delivering an impressive range of up to 757 kilometres.<\/span><\/p>\n<p><span style=\"font-size: 12pt;\">Under the hood, the <strong>A6 e-tron<\/strong> is available in several versions, with power outputs ranging from 270 kW (367 horsepower) to 370 kW (503 horsepower) for the sporty <strong>S6 e-tron<\/strong>. It accelerates from 0 to 100 km\/h in just 3.9 seconds for the S version, all while providing superior driving comfort, thanks to its adaptive air suspension and intelligent torque distribution through the quattro all-wheel-drive system.<\/span><\/p>\n<p><span style=\"font-size: 12pt;\">The interior, designed with comfort and ergonomics in mind, offers a connected environment featuring a digital dashboard, augmented reality head-up display, and next-generation virtual exterior mirrors. In terms of equipment, the <strong>A6 e-tron<\/strong> shines with its second-generation digital OLED rear lights, capable of interacting with the environment and displaying warnings to other road users. On the charging side, 800-volt technology allows for a range boost of 310 km in just ten minutes, ensuring smooth and swift journeys.<\/span><\/p>\n<p><span style=\"font-size: 12pt;\">In summary, with its avant-garde design, electrifying performance, and cutting-edge technologies, the <strong>Audi A6 e-tron<\/strong> redefines the standards of the electric executive saloon segment.<\/span><\/p>\n<p><a class=\"btn btn-next btn-gris\" href=\"https:\/\/www.segond-automobiles.com\/en\/audi\/contact\/\">Contact us<\/a><\/p>\n\n\t\t<style type=\"text\/css\">\n\t\t\t#gallery-1 {\n\t\t\t\tmargin: auto;\n\t\t\t}\n\t\t\t#gallery-1 .gallery-item {\n\t\t\t\tfloat: left;\n\t\t\t\tmargin-top: 10px;\n\t\t\t\ttext-align: center;\n\t\t\t\twidth: 50%;\n\t\t\t}\n\t\t\t#gallery-1 img {\n\t\t\t\tborder: 2px solid #cfcfcf;\n\t\t\t}\n\t\t\t#gallery-1 .gallery-caption {\n\t\t\t\tmargin-left: 0;\n\t\t\t}\n\t\t\t\/* see gallery_shortcode() in wp-includes\/media.php *\/\n\t\t<\/style>\n\t\t<div id='gallery-1' class='gallery galleryid-41165 gallery-columns-2 gallery-size-large'><dl class='gallery-item'>\n\t\t\t<dt class='gallery-icon landscape'>\n\t\t\t\t<a href='https:\/\/www.segond-automobiles.com\/wp-content\/uploads\/2024\/09\/A6_Avant_e-tron.jpg'><img loading=\"lazy\" decoding=\"async\" width=\"1024\" height=\"767\" src=\"https:\/\/www.segond-automobiles.com\/wp-content\/uploads\/2024\/09\/A6_Avant_e-tron-1024x767.jpg\" class=\"attachment-large size-large\" alt=\"audi A6 e-tron\" srcset=\"https:\/\/www.segond-automobiles.com\/wp-content\/uploads\/2024\/09\/A6_Avant_e-tron-1024x767.jpg 1024w, https:\/\/www.segond-automobiles.com\/wp-content\/uploads\/2024\/09\/A6_Avant_e-tron-300x225.jpg 300w, https:\/\/www.segond-automobiles.com\/wp-content\/uploads\/2024\/09\/A6_Avant_e-tron-768x575.jpg 768w, https:\/\/www.segond-automobiles.com\/wp-content\/uploads\/2024\/09\/A6_Avant_e-tron-96x72.jpg 96w, https:\/\/www.segond-automobiles.com\/wp-content\/uploads\/2024\/09\/A6_Avant_e-tron-402x302.jpg 402w, https:\/\/www.segond-automobiles.com\/wp-content\/uploads\/2024\/09\/A6_Avant_e-tron-107x79.jpg 107w, https:\/\/www.segond-automobiles.com\/wp-content\/uploads\/2024\/09\/A6_Avant_e-tron-97x73.jpg 97w, https:\/\/www.segond-automobiles.com\/wp-content\/uploads\/2024\/09\/A6_Avant_e-tron.jpg 1500w\" sizes=\"auto, (max-width: 1024px) 100vw, 1024px\" \/><\/a>\n\t\t\t<\/dt><\/dl><dl class='gallery-item'>\n\t\t\t<dt class='gallery-icon landscape'>\n\t\t\t\t<a href='https:\/\/www.segond-automobiles.com\/wp-content\/uploads\/2024\/09\/A6_Avant_e-tron-2.jpg'><img loading=\"lazy\" decoding=\"async\" width=\"1024\" height=\"768\" src=\"https:\/\/www.segond-automobiles.com\/wp-content\/uploads\/2024\/09\/A6_Avant_e-tron-2-1024x768.jpg\" class=\"attachment-large size-large\" alt=\"audi A6 e-tron\" srcset=\"https:\/\/www.segond-automobiles.com\/wp-content\/uploads\/2024\/09\/A6_Avant_e-tron-2-1024x768.jpg 1024w, https:\/\/www.segond-automobiles.com\/wp-content\/uploads\/2024\/09\/A6_Avant_e-tron-2-300x225.jpg 300w, https:\/\/www.segond-automobiles.com\/wp-content\/uploads\/2024\/09\/A6_Avant_e-tron-2-768x576.jpg 768w, https:\/\/www.segond-automobiles.com\/wp-content\/uploads\/2024\/09\/A6_Avant_e-tron-2-96x72.jpg 96w, https:\/\/www.segond-automobiles.com\/wp-content\/uploads\/2024\/09\/A6_Avant_e-tron-2-564x424.jpg 564w, https:\/\/www.segond-automobiles.com\/wp-content\/uploads\/2024\/09\/A6_Avant_e-tron-2-402x302.jpg 402w, https:\/\/www.segond-automobiles.com\/wp-content\/uploads\/2024\/09\/A6_Avant_e-tron-2-107x79.jpg 107w, https:\/\/www.segond-automobiles.com\/wp-content\/uploads\/2024\/09\/A6_Avant_e-tron-2-97x73.jpg 97w, https:\/\/www.segond-automobiles.com\/wp-content\/uploads\/2024\/09\/A6_Avant_e-tron-2.jpg 1500w\" sizes=\"auto, (max-width: 1024px) 100vw, 1024px\" \/><\/a>\n\t\t\t<\/dt><\/dl><br style=\"clear: both\" \/><dl class='gallery-item'>\n\t\t\t<dt class='gallery-icon landscape'>\n\t\t\t\t<a href='https:\/\/www.segond-automobiles.com\/wp-content\/uploads\/2024\/09\/A6_Avant_e-tron-3.jpg'><img loading=\"lazy\" decoding=\"async\" width=\"1024\" height=\"768\" src=\"https:\/\/www.segond-automobiles.com\/wp-content\/uploads\/2024\/09\/A6_Avant_e-tron-3-1024x768.jpg\" class=\"attachment-large size-large\" alt=\"audi A6 e-tron\" srcset=\"https:\/\/www.segond-automobiles.com\/wp-content\/uploads\/2024\/09\/A6_Avant_e-tron-3-1024x768.jpg 1024w, https:\/\/www.segond-automobiles.com\/wp-content\/uploads\/2024\/09\/A6_Avant_e-tron-3-300x225.jpg 300w, https:\/\/www.segond-automobiles.com\/wp-content\/uploads\/2024\/09\/A6_Avant_e-tron-3-768x576.jpg 768w, https:\/\/www.segond-automobiles.com\/wp-content\/uploads\/2024\/09\/A6_Avant_e-tron-3-96x72.jpg 96w, https:\/\/www.segond-automobiles.com\/wp-content\/uploads\/2024\/09\/A6_Avant_e-tron-3-564x424.jpg 564w, https:\/\/www.segond-automobiles.com\/wp-content\/uploads\/2024\/09\/A6_Avant_e-tron-3-402x302.jpg 402w, https:\/\/www.segond-automobiles.com\/wp-content\/uploads\/2024\/09\/A6_Avant_e-tron-3-107x79.jpg 107w, https:\/\/www.segond-automobiles.com\/wp-content\/uploads\/2024\/09\/A6_Avant_e-tron-3-97x73.jpg 97w, https:\/\/www.segond-automobiles.com\/wp-content\/uploads\/2024\/09\/A6_Avant_e-tron-3.jpg 1500w\" sizes=\"auto, (max-width: 1024px) 100vw, 1024px\" \/><\/a>\n\t\t\t<\/dt><\/dl><dl class='gallery-item'>\n\t\t\t<dt class='gallery-icon landscape'>\n\t\t\t\t<a href='https:\/\/www.segond-automobiles.com\/wp-content\/uploads\/2024\/09\/A6_Avant_e-tron-4-e1726757081678.jpg'><img loading=\"lazy\" decoding=\"async\" width=\"1024\" height=\"683\" src=\"https:\/\/www.segond-automobiles.com\/wp-content\/uploads\/2024\/09\/A6_Avant_e-tron-4-1024x683.jpg\" class=\"attachment-large size-large\" alt=\"audi A6 e-tron\" srcset=\"https:\/\/www.segond-automobiles.com\/wp-content\/uploads\/2024\/09\/A6_Avant_e-tron-4-1024x683.jpg 1024w, https:\/\/www.segond-automobiles.com\/wp-content\/uploads\/2024\/09\/A6_Avant_e-tron-4-300x200.jpg 300w, https:\/\/www.segond-automobiles.com\/wp-content\/uploads\/2024\/09\/A6_Avant_e-tron-4-768x512.jpg 768w, https:\/\/www.segond-automobiles.com\/wp-content\/uploads\/2024\/09\/A6_Avant_e-tron-4-110x73.jpg 110w, https:\/\/www.segond-automobiles.com\/wp-content\/uploads\/2024\/09\/A6_Avant_e-tron-4-e1726757081678.jpg 1500w\" sizes=\"auto, (max-width: 1024px) 100vw, 1024px\" \/><\/a>\n\t\t\t<\/dt><\/dl><br style=\"clear: both\" \/><dl class='gallery-item'>\n\t\t\t<dt class='gallery-icon landscape'>\n\t\t\t\t<a href='https:\/\/www.segond-automobiles.com\/wp-content\/uploads\/2024\/09\/A6_Sportback_e-tron.jpg'><img loading=\"lazy\" decoding=\"async\" width=\"1024\" height=\"768\" src=\"https:\/\/www.segond-automobiles.com\/wp-content\/uploads\/2024\/09\/A6_Sportback_e-tron-1024x768.jpg\" class=\"attachment-large size-large\" alt=\"audi A6 e-tron\" srcset=\"https:\/\/www.segond-automobiles.com\/wp-content\/uploads\/2024\/09\/A6_Sportback_e-tron-1024x768.jpg 1024w, https:\/\/www.segond-automobiles.com\/wp-content\/uploads\/2024\/09\/A6_Sportback_e-tron-300x225.jpg 300w, https:\/\/www.segond-automobiles.com\/wp-content\/uploads\/2024\/09\/A6_Sportback_e-tron-768x576.jpg 768w, https:\/\/www.segond-automobiles.com\/wp-content\/uploads\/2024\/09\/A6_Sportback_e-tron-96x72.jpg 96w, https:\/\/www.segond-automobiles.com\/wp-content\/uploads\/2024\/09\/A6_Sportback_e-tron-564x424.jpg 564w, https:\/\/www.segond-automobiles.com\/wp-content\/uploads\/2024\/09\/A6_Sportback_e-tron-402x302.jpg 402w, https:\/\/www.segond-automobiles.com\/wp-content\/uploads\/2024\/09\/A6_Sportback_e-tron-107x79.jpg 107w, https:\/\/www.segond-automobiles.com\/wp-content\/uploads\/2024\/09\/A6_Sportback_e-tron-97x73.jpg 97w, https:\/\/www.segond-automobiles.com\/wp-content\/uploads\/2024\/09\/A6_Sportback_e-tron.jpg 1500w\" sizes=\"auto, (max-width: 1024px) 100vw, 1024px\" \/><\/a>\n\t\t\t<\/dt><\/dl><dl class='gallery-item'>\n\t\t\t<dt class='gallery-icon landscape'>\n\t\t\t\t<a href='https:\/\/www.segond-automobiles.com\/wp-content\/uploads\/2024\/09\/A6_Sportback_e-tron-2.jpg'><img loading=\"lazy\" decoding=\"async\" width=\"1024\" height=\"768\" src=\"https:\/\/www.segond-automobiles.com\/wp-content\/uploads\/2024\/09\/A6_Sportback_e-tron-2-1024x768.jpg\" class=\"attachment-large size-large\" alt=\"audi A6 e-tron\" srcset=\"https:\/\/www.segond-automobiles.com\/wp-content\/uploads\/2024\/09\/A6_Sportback_e-tron-2-1024x768.jpg 1024w, https:\/\/www.segond-automobiles.com\/wp-content\/uploads\/2024\/09\/A6_Sportback_e-tron-2-300x225.jpg 300w, https:\/\/www.segond-automobiles.com\/wp-content\/uploads\/2024\/09\/A6_Sportback_e-tron-2-768x576.jpg 768w, https:\/\/www.segond-automobiles.com\/wp-content\/uploads\/2024\/09\/A6_Sportback_e-tron-2-96x72.jpg 96w, https:\/\/www.segond-automobiles.com\/wp-content\/uploads\/2024\/09\/A6_Sportback_e-tron-2-564x424.jpg 564w, https:\/\/www.segond-automobiles.com\/wp-content\/uploads\/2024\/09\/A6_Sportback_e-tron-2-402x302.jpg 402w, https:\/\/www.segond-automobiles.com\/wp-content\/uploads\/2024\/09\/A6_Sportback_e-tron-2-107x79.jpg 107w, https:\/\/www.segond-automobiles.com\/wp-content\/uploads\/2024\/09\/A6_Sportback_e-tron-2-97x73.jpg 97w, https:\/\/www.segond-automobiles.com\/wp-content\/uploads\/2024\/09\/A6_Sportback_e-tron-2.jpg 1500w\" sizes=\"auto, (max-width: 1024px) 100vw, 1024px\" \/><\/a>\n\t\t\t<\/dt><\/dl><br style=\"clear: both\" \/><dl class='gallery-item'>\n\t\t\t<dt class='gallery-icon landscape'>\n\t\t\t\t<a href='https:\/\/www.segond-automobiles.com\/wp-content\/uploads\/2024\/09\/A6_Sportback_e-tron-3.jpg'><img loading=\"lazy\" decoding=\"async\" width=\"1024\" height=\"767\" src=\"https:\/\/www.segond-automobiles.com\/wp-content\/uploads\/2024\/09\/A6_Sportback_e-tron-3-1024x767.jpg\" class=\"attachment-large size-large\" alt=\"audi A6 e-tron\" srcset=\"https:\/\/www.segond-automobiles.com\/wp-content\/uploads\/2024\/09\/A6_Sportback_e-tron-3-1024x767.jpg 1024w, https:\/\/www.segond-automobiles.com\/wp-content\/uploads\/2024\/09\/A6_Sportback_e-tron-3-300x225.jpg 300w, https:\/\/www.segond-automobiles.com\/wp-content\/uploads\/2024\/09\/A6_Sportback_e-tron-3-768x575.jpg 768w, https:\/\/www.segond-automobiles.com\/wp-content\/uploads\/2024\/09\/A6_Sportback_e-tron-3-96x72.jpg 96w, https:\/\/www.segond-automobiles.com\/wp-content\/uploads\/2024\/09\/A6_Sportback_e-tron-3-402x302.jpg 402w, https:\/\/www.segond-automobiles.com\/wp-content\/uploads\/2024\/09\/A6_Sportback_e-tron-3-107x79.jpg 107w, https:\/\/www.segond-automobiles.com\/wp-content\/uploads\/2024\/09\/A6_Sportback_e-tron-3-97x73.jpg 97w, https:\/\/www.segond-automobiles.com\/wp-content\/uploads\/2024\/09\/A6_Sportback_e-tron-3.jpg 1500w\" sizes=\"auto, (max-width: 1024px) 100vw, 1024px\" \/><\/a>\n\t\t\t<\/dt><\/dl><dl class='gallery-item'>\n\t\t\t<dt class='gallery-icon landscape'>\n\t\t\t\t<a href='https:\/\/www.segond-automobiles.com\/wp-content\/uploads\/2024\/09\/A6_Sportback_e-tron-4.jpg'><img loading=\"lazy\" decoding=\"async\" width=\"1024\" height=\"767\" src=\"https:\/\/www.segond-automobiles.com\/wp-content\/uploads\/2024\/09\/A6_Sportback_e-tron-4-1024x767.jpg\" class=\"attachment-large size-large\" alt=\"audi A6 e-tron\" srcset=\"https:\/\/www.segond-automobiles.com\/wp-content\/uploads\/2024\/09\/A6_Sportback_e-tron-4-1024x767.jpg 1024w, https:\/\/www.segond-automobiles.com\/wp-content\/uploads\/2024\/09\/A6_Sportback_e-tron-4-300x225.jpg 300w, https:\/\/www.segond-automobiles.com\/wp-content\/uploads\/2024\/09\/A6_Sportback_e-tron-4-768x575.jpg 768w, https:\/\/www.segond-automobiles.com\/wp-content\/uploads\/2024\/09\/A6_Sportback_e-tron-4-96x72.jpg 96w, https:\/\/www.segond-automobiles.com\/wp-content\/uploads\/2024\/09\/A6_Sportback_e-tron-4-402x302.jpg 402w, https:\/\/www.segond-automobiles.com\/wp-content\/uploads\/2024\/09\/A6_Sportback_e-tron-4-107x79.jpg 107w, https:\/\/www.segond-automobiles.com\/wp-content\/uploads\/2024\/09\/A6_Sportback_e-tron-4-97x73.jpg 97w, https:\/\/www.segond-automobiles.com\/wp-content\/uploads\/2024\/09\/A6_Sportback_e-tron-4.jpg 1500w\" sizes=\"auto, (max-width: 1024px) 100vw, 1024px\" \/><\/a>\n\t\t\t<\/dt><\/dl><br style=\"clear: both\" \/>\n\t\t<\/div>\n\n","protected":false},"excerpt":{"rendered":"<p>The Audi A6 e-tron marks a significant step forward in the electric large saloon category, combining striking design with impressive range, appealing to drivers seeking both performance and elegance. [&hellip;]<\/p>\n","protected":false},"author":3,"featured_media":41063,"comment_status":"closed","ping_status":"closed","sticky":false,"template":"","format":"standard","meta":{"footnotes":""},"categories":[1060,1053],"tags":[],"class_list":["post-41165","post","type-post","status-publish","format-standard","has-post-thumbnail","hentry","category-audi-en","category-news"],"yoast_head":"<!-- This site is optimized with the Yoast SEO plugin v27.4 - https:\/\/yoast.com\/product\/yoast-seo-wordpress\/ -->\n<title>Audi A6 e-tron : une nouvelle r\u00e9f\u00e9rence dans la mobilit\u00e9 \u00e9lectrique<\/title>\n<meta name=\"description\" content=\"L\u2019Audi A6 e-tron marque avec \u00e9l\u00e9gance et efficacit\u00e9 une \u00e9volution majeure dans le segment des grandes routi\u00e8res \u00e9lectriques\" \/>\n<meta name=\"robots\" content=\"index, follow, max-snippet:-1, max-image-preview:large, max-video-preview:-1\" \/>\n<link rel=\"canonical\" href=\"https:\/\/www.segond-automobiles.com\/en\/news\/audi-en\/audi-a6-e-tron\/\" \/>\n<meta property=\"og:locale\" content=\"en_US\" \/>\n<meta property=\"og:type\" content=\"article\" \/>\n<meta property=\"og:title\" content=\"Audi A6 e-tron : une nouvelle r\u00e9f\u00e9rence dans la mobilit\u00e9 \u00e9lectrique\" \/>\n<meta property=\"og:description\" content=\"L\u2019Audi A6 e-tron marque avec \u00e9l\u00e9gance et efficacit\u00e9 une \u00e9volution majeure dans le segment des grandes routi\u00e8res \u00e9lectriques\" \/>\n<meta property=\"og:url\" content=\"https:\/\/www.segond-automobiles.com\/en\/news\/audi-en\/audi-a6-e-tron\/\" \/>\n<meta property=\"og:site_name\" content=\"Segond Automobiles\" \/>\n<meta property=\"article:publisher\" content=\"https:\/\/www.facebook.com\/groupesegondautomobiles\" \/>\n<meta property=\"article:published_time\" content=\"2024-09-20T08:06:15+00:00\" \/>\n<meta property=\"article:modified_time\" content=\"2024-09-20T11:51:14+00:00\" \/>\n<meta property=\"og:image\" content=\"https:\/\/www.segond-automobiles.com\/wp-content\/uploads\/2024\/09\/Q5_family.jpg\" \/>\n\t<meta property=\"og:image:width\" content=\"2100\" \/>\n\t<meta property=\"og:image:height\" content=\"1400\" \/>\n\t<meta property=\"og:image:type\" content=\"image\/jpeg\" \/>\n<meta name=\"author\" content=\"inwin\" \/>\n<meta name=\"twitter:card\" content=\"summary_large_image\" \/>\n<meta name=\"twitter:label1\" content=\"Written by\" \/>\n\t<meta name=\"twitter:data1\" content=\"inwin\" \/>\n\t<meta name=\"twitter:label2\" content=\"Est. reading time\" \/>\n\t<meta name=\"twitter:data2\" content=\"3 minutes\" \/>\n<script type=\"application\/ld+json\" class=\"yoast-schema-graph\">{\"@context\":\"https:\\\/\\\/schema.org\",\"@graph\":[{\"@type\":\"Article\",\"@id\":\"https:\\\/\\\/www.segond-automobiles.com\\\/en\\\/news\\\/audi-en\\\/audi-a6-e-tron\\\/#article\",\"isPartOf\":{\"@id\":\"https:\\\/\\\/www.segond-automobiles.com\\\/en\\\/news\\\/audi-en\\\/audi-a6-e-tron\\\/\"},\"author\":{\"name\":\"inwin\",\"@id\":\"https:\\\/\\\/www.segond-automobiles.com\\\/en\\\/#\\\/schema\\\/person\\\/cdfeef480d8a688f34438d59b34e1815\"},\"headline\":\"The Audi A6 e-tron: A Major Evolution in the Electric Executive Saloon Segment\",\"datePublished\":\"2024-09-20T08:06:15+00:00\",\"dateModified\":\"2024-09-20T11:51:14+00:00\",\"mainEntityOfPage\":{\"@id\":\"https:\\\/\\\/www.segond-automobiles.com\\\/en\\\/news\\\/audi-en\\\/audi-a6-e-tron\\\/\"},\"wordCount\":466,\"publisher\":{\"@id\":\"https:\\\/\\\/www.segond-automobiles.com\\\/en\\\/#organization\"},\"image\":{\"@id\":\"https:\\\/\\\/www.segond-automobiles.com\\\/en\\\/news\\\/audi-en\\\/audi-a6-e-tron\\\/#primaryimage\"},\"thumbnailUrl\":\"https:\\\/\\\/www.segond-automobiles.com\\\/wp-content\\\/uploads\\\/2024\\\/09\\\/Q5_family.jpg\",\"articleSection\":[\"Audi news\",\"News\"],\"inLanguage\":\"en-US\"},{\"@type\":\"WebPage\",\"@id\":\"https:\\\/\\\/www.segond-automobiles.com\\\/en\\\/news\\\/audi-en\\\/audi-a6-e-tron\\\/\",\"url\":\"https:\\\/\\\/www.segond-automobiles.com\\\/en\\\/news\\\/audi-en\\\/audi-a6-e-tron\\\/\",\"name\":\"Audi A6 e-tron : une nouvelle r\u00e9f\u00e9rence dans la mobilit\u00e9 \u00e9lectrique\",\"isPartOf\":{\"@id\":\"https:\\\/\\\/www.segond-automobiles.com\\\/en\\\/#website\"},\"primaryImageOfPage\":{\"@id\":\"https:\\\/\\\/www.segond-automobiles.com\\\/en\\\/news\\\/audi-en\\\/audi-a6-e-tron\\\/#primaryimage\"},\"image\":{\"@id\":\"https:\\\/\\\/www.segond-automobiles.com\\\/en\\\/news\\\/audi-en\\\/audi-a6-e-tron\\\/#primaryimage\"},\"thumbnailUrl\":\"https:\\\/\\\/www.segond-automobiles.com\\\/wp-content\\\/uploads\\\/2024\\\/09\\\/Q5_family.jpg\",\"datePublished\":\"2024-09-20T08:06:15+00:00\",\"dateModified\":\"2024-09-20T11:51:14+00:00\",\"description\":\"L\u2019Audi A6 e-tron marque avec \u00e9l\u00e9gance et efficacit\u00e9 une \u00e9volution majeure dans le segment des grandes routi\u00e8res \u00e9lectriques\",\"breadcrumb\":{\"@id\":\"https:\\\/\\\/www.segond-automobiles.com\\\/en\\\/news\\\/audi-en\\\/audi-a6-e-tron\\\/#breadcrumb\"},\"inLanguage\":\"en-US\",\"potentialAction\":[{\"@type\":\"ReadAction\",\"target\":[\"https:\\\/\\\/www.segond-automobiles.com\\\/en\\\/news\\\/audi-en\\\/audi-a6-e-tron\\\/\"]}]},{\"@type\":\"ImageObject\",\"inLanguage\":\"en-US\",\"@id\":\"https:\\\/\\\/www.segond-automobiles.com\\\/en\\\/news\\\/audi-en\\\/audi-a6-e-tron\\\/#primaryimage\",\"url\":\"https:\\\/\\\/www.segond-automobiles.com\\\/wp-content\\\/uploads\\\/2024\\\/09\\\/Q5_family.jpg\",\"contentUrl\":\"https:\\\/\\\/www.segond-automobiles.com\\\/wp-content\\\/uploads\\\/2024\\\/09\\\/Q5_family.jpg\",\"width\":2100,\"height\":1400},{\"@type\":\"BreadcrumbList\",\"@id\":\"https:\\\/\\\/www.segond-automobiles.com\\\/en\\\/news\\\/audi-en\\\/audi-a6-e-tron\\\/#breadcrumb\",\"itemListElement\":[{\"@type\":\"ListItem\",\"position\":1,\"name\":\"Accueil\",\"item\":\"https:\\\/\\\/www.segond-automobiles.com\\\/en\\\/\"},{\"@type\":\"ListItem\",\"position\":2,\"name\":\"The Audi A6 e-tron: A Major Evolution in the Electric Executive Saloon Segment\"}]},{\"@type\":\"WebSite\",\"@id\":\"https:\\\/\\\/www.segond-automobiles.com\\\/en\\\/#website\",\"url\":\"https:\\\/\\\/www.segond-automobiles.com\\\/en\\\/\",\"name\":\"Segond Automobiles\",\"description\":\"\",\"publisher\":{\"@id\":\"https:\\\/\\\/www.segond-automobiles.com\\\/en\\\/#organization\"},\"potentialAction\":[{\"@type\":\"SearchAction\",\"target\":{\"@type\":\"EntryPoint\",\"urlTemplate\":\"https:\\\/\\\/www.segond-automobiles.com\\\/en\\\/?s={search_term_string}\"},\"query-input\":{\"@type\":\"PropertyValueSpecification\",\"valueRequired\":true,\"valueName\":\"search_term_string\"}}],\"inLanguage\":\"en-US\"},{\"@type\":\"Organization\",\"@id\":\"https:\\\/\\\/www.segond-automobiles.com\\\/en\\\/#organization\",\"name\":\"Segond Automobiles\",\"url\":\"https:\\\/\\\/www.segond-automobiles.com\\\/en\\\/\",\"logo\":{\"@type\":\"ImageObject\",\"inLanguage\":\"en-US\",\"@id\":\"https:\\\/\\\/www.segond-automobiles.com\\\/en\\\/#\\\/schema\\\/logo\\\/image\\\/\",\"url\":\"https:\\\/\\\/www.segond-automobiles.com\\\/wp-content\\\/uploads\\\/2020\\\/12\\\/logo_Segond.png\",\"contentUrl\":\"https:\\\/\\\/www.segond-automobiles.com\\\/wp-content\\\/uploads\\\/2020\\\/12\\\/logo_Segond.png\",\"width\":159,\"height\":79,\"caption\":\"Segond Automobiles\"},\"image\":{\"@id\":\"https:\\\/\\\/www.segond-automobiles.com\\\/en\\\/#\\\/schema\\\/logo\\\/image\\\/\"},\"sameAs\":[\"https:\\\/\\\/www.facebook.com\\\/groupesegondautomobiles\",\"https:\\\/\\\/www.instagram.com\\\/groupesegondautomobiles\\\/\",\"https:\\\/\\\/www.linkedin.com\\\/company\\\/groupe-segond-automobiles\\\/\",\"https:\\\/\\\/www.youtube.com\\\/channel\\\/UCmyIrWpILerz0P3Ev_75pOQ\\\/featured\"]},{\"@type\":\"Person\",\"@id\":\"https:\\\/\\\/www.segond-automobiles.com\\\/en\\\/#\\\/schema\\\/person\\\/cdfeef480d8a688f34438d59b34e1815\",\"name\":\"inwin\",\"image\":{\"@type\":\"ImageObject\",\"inLanguage\":\"en-US\",\"@id\":\"https:\\\/\\\/secure.gravatar.com\\\/avatar\\\/6adb9523a9dace54c9d50a136dea3a9b7aa331e3d4af477880dede40cc83f809?s=96&d=mm&r=g\",\"url\":\"https:\\\/\\\/secure.gravatar.com\\\/avatar\\\/6adb9523a9dace54c9d50a136dea3a9b7aa331e3d4af477880dede40cc83f809?s=96&d=mm&r=g\",\"contentUrl\":\"https:\\\/\\\/secure.gravatar.com\\\/avatar\\\/6adb9523a9dace54c9d50a136dea3a9b7aa331e3d4af477880dede40cc83f809?s=96&d=mm&r=g\",\"caption\":\"inwin\"}}]}<\/script>\n<!-- \/ Yoast SEO plugin. -->","yoast_head_json":{"title":"Audi A6 e-tron : une nouvelle r\u00e9f\u00e9rence dans la mobilit\u00e9 \u00e9lectrique","description":"L\u2019Audi A6 e-tron marque avec \u00e9l\u00e9gance et efficacit\u00e9 une \u00e9volution majeure dans le segment des grandes routi\u00e8res \u00e9lectriques","robots":{"index":"index","follow":"follow","max-snippet":"max-snippet:-1","max-image-preview":"max-image-preview:large","max-video-preview":"max-video-preview:-1"},"canonical":"https:\/\/www.segond-automobiles.com\/en\/news\/audi-en\/audi-a6-e-tron\/","og_locale":"en_US","og_type":"article","og_title":"Audi A6 e-tron : une nouvelle r\u00e9f\u00e9rence dans la mobilit\u00e9 \u00e9lectrique","og_description":"L\u2019Audi A6 e-tron marque avec \u00e9l\u00e9gance et efficacit\u00e9 une \u00e9volution majeure dans le segment des grandes routi\u00e8res \u00e9lectriques","og_url":"https:\/\/www.segond-automobiles.com\/en\/news\/audi-en\/audi-a6-e-tron\/","og_site_name":"Segond Automobiles","article_publisher":"https:\/\/www.facebook.com\/groupesegondautomobiles","article_published_time":"2024-09-20T08:06:15+00:00","article_modified_time":"2024-09-20T11:51:14+00:00","og_image":[{"width":2100,"height":1400,"url":"https:\/\/www.segond-automobiles.com\/wp-content\/uploads\/2024\/09\/Q5_family.jpg","type":"image\/jpeg"}],"author":"inwin","twitter_card":"summary_large_image","twitter_misc":{"Written by":"inwin","Est. reading time":"3 minutes"},"schema":{"@context":"https:\/\/schema.org","@graph":[{"@type":"Article","@id":"https:\/\/www.segond-automobiles.com\/en\/news\/audi-en\/audi-a6-e-tron\/#article","isPartOf":{"@id":"https:\/\/www.segond-automobiles.com\/en\/news\/audi-en\/audi-a6-e-tron\/"},"author":{"name":"inwin","@id":"https:\/\/www.segond-automobiles.com\/en\/#\/schema\/person\/cdfeef480d8a688f34438d59b34e1815"},"headline":"The Audi A6 e-tron: A Major Evolution in the Electric Executive Saloon Segment","datePublished":"2024-09-20T08:06:15+00:00","dateModified":"2024-09-20T11:51:14+00:00","mainEntityOfPage":{"@id":"https:\/\/www.segond-automobiles.com\/en\/news\/audi-en\/audi-a6-e-tron\/"},"wordCount":466,"publisher":{"@id":"https:\/\/www.segond-automobiles.com\/en\/#organization"},"image":{"@id":"https:\/\/www.segond-automobiles.com\/en\/news\/audi-en\/audi-a6-e-tron\/#primaryimage"},"thumbnailUrl":"https:\/\/www.segond-automobiles.com\/wp-content\/uploads\/2024\/09\/Q5_family.jpg","articleSection":["Audi news","News"],"inLanguage":"en-US"},{"@type":"WebPage","@id":"https:\/\/www.segond-automobiles.com\/en\/news\/audi-en\/audi-a6-e-tron\/","url":"https:\/\/www.segond-automobiles.com\/en\/news\/audi-en\/audi-a6-e-tron\/","name":"Audi A6 e-tron : une nouvelle r\u00e9f\u00e9rence dans la mobilit\u00e9 \u00e9lectrique","isPartOf":{"@id":"https:\/\/www.segond-automobiles.com\/en\/#website"},"primaryImageOfPage":{"@id":"https:\/\/www.segond-automobiles.com\/en\/news\/audi-en\/audi-a6-e-tron\/#primaryimage"},"image":{"@id":"https:\/\/www.segond-automobiles.com\/en\/news\/audi-en\/audi-a6-e-tron\/#primaryimage"},"thumbnailUrl":"https:\/\/www.segond-automobiles.com\/wp-content\/uploads\/2024\/09\/Q5_family.jpg","datePublished":"2024-09-20T08:06:15+00:00","dateModified":"2024-09-20T11:51:14+00:00","description":"L\u2019Audi A6 e-tron marque avec \u00e9l\u00e9gance et efficacit\u00e9 une \u00e9volution majeure dans le segment des grandes routi\u00e8res \u00e9lectriques","breadcrumb":{"@id":"https:\/\/www.segond-automobiles.com\/en\/news\/audi-en\/audi-a6-e-tron\/#breadcrumb"},"inLanguage":"en-US","potentialAction":[{"@type":"ReadAction","target":["https:\/\/www.segond-automobiles.com\/en\/news\/audi-en\/audi-a6-e-tron\/"]}]},{"@type":"ImageObject","inLanguage":"en-US","@id":"https:\/\/www.segond-automobiles.com\/en\/news\/audi-en\/audi-a6-e-tron\/#primaryimage","url":"https:\/\/www.segond-automobiles.com\/wp-content\/uploads\/2024\/09\/Q5_family.jpg","contentUrl":"https:\/\/www.segond-automobiles.com\/wp-content\/uploads\/2024\/09\/Q5_family.jpg","width":2100,"height":1400},{"@type":"BreadcrumbList","@id":"https:\/\/www.segond-automobiles.com\/en\/news\/audi-en\/audi-a6-e-tron\/#breadcrumb","itemListElement":[{"@type":"ListItem","position":1,"name":"Accueil","item":"https:\/\/www.segond-automobiles.com\/en\/"},{"@type":"ListItem","position":2,"name":"The Audi A6 e-tron: A Major Evolution in the Electric Executive Saloon Segment"}]},{"@type":"WebSite","@id":"https:\/\/www.segond-automobiles.com\/en\/#website","url":"https:\/\/www.segond-automobiles.com\/en\/","name":"Segond Automobiles","description":"","publisher":{"@id":"https:\/\/www.segond-automobiles.com\/en\/#organization"},"potentialAction":[{"@type":"SearchAction","target":{"@type":"EntryPoint","urlTemplate":"https:\/\/www.segond-automobiles.com\/en\/?s={search_term_string}"},"query-input":{"@type":"PropertyValueSpecification","valueRequired":true,"valueName":"search_term_string"}}],"inLanguage":"en-US"},{"@type":"Organization","@id":"https:\/\/www.segond-automobiles.com\/en\/#organization","name":"Segond Automobiles","url":"https:\/\/www.segond-automobiles.com\/en\/","logo":{"@type":"ImageObject","inLanguage":"en-US","@id":"https:\/\/www.segond-automobiles.com\/en\/#\/schema\/logo\/image\/","url":"https:\/\/www.segond-automobiles.com\/wp-content\/uploads\/2020\/12\/logo_Segond.png","contentUrl":"https:\/\/www.segond-automobiles.com\/wp-content\/uploads\/2020\/12\/logo_Segond.png","width":159,"height":79,"caption":"Segond Automobiles"},"image":{"@id":"https:\/\/www.segond-automobiles.com\/en\/#\/schema\/logo\/image\/"},"sameAs":["https:\/\/www.facebook.com\/groupesegondautomobiles","https:\/\/www.instagram.com\/groupesegondautomobiles\/","https:\/\/www.linkedin.com\/company\/groupe-segond-automobiles\/","https:\/\/www.youtube.com\/channel\/UCmyIrWpILerz0P3Ev_75pOQ\/featured"]},{"@type":"Person","@id":"https:\/\/www.segond-automobiles.com\/en\/#\/schema\/person\/cdfeef480d8a688f34438d59b34e1815","name":"inwin","image":{"@type":"ImageObject","inLanguage":"en-US","@id":"https:\/\/secure.gravatar.com\/avatar\/6adb9523a9dace54c9d50a136dea3a9b7aa331e3d4af477880dede40cc83f809?s=96&d=mm&r=g","url":"https:\/\/secure.gravatar.com\/avatar\/6adb9523a9dace54c9d50a136dea3a9b7aa331e3d4af477880dede40cc83f809?s=96&d=mm&r=g","contentUrl":"https:\/\/secure.gravatar.com\/avatar\/6adb9523a9dace54c9d50a136dea3a9b7aa331e3d4af477880dede40cc83f809?s=96&d=mm&r=g","caption":"inwin"}}]}},"_links":{"self":[{"href":"https:\/\/www.segond-automobiles.com\/en\/wp-json\/wp\/v2\/posts\/41165","targetHints":{"allow":["GET"]}}],"collection":[{"href":"https:\/\/www.segond-automobiles.com\/en\/wp-json\/wp\/v2\/posts"}],"about":[{"href":"https:\/\/www.segond-automobiles.com\/en\/wp-json\/wp\/v2\/types\/post"}],"author":[{"embeddable":true,"href":"https:\/\/www.segond-automobiles.com\/en\/wp-json\/wp\/v2\/users\/3"}],"replies":[{"embeddable":true,"href":"https:\/\/www.segond-automobiles.com\/en\/wp-json\/wp\/v2\/comments?post=41165"}],"version-history":[{"count":4,"href":"https:\/\/www.segond-automobiles.com\/en\/wp-json\/wp\/v2\/posts\/41165\/revisions"}],"predecessor-version":[{"id":41200,"href":"https:\/\/www.segond-automobiles.com\/en\/wp-json\/wp\/v2\/posts\/41165\/revisions\/41200"}],"wp:featuredmedia":[{"embeddable":true,"href":"https:\/\/www.segond-automobiles.com\/en\/wp-json\/wp\/v2\/media\/41063"}],"wp:attachment":[{"href":"https:\/\/www.segond-automobiles.com\/en\/wp-json\/wp\/v2\/media?parent=41165"}],"wp:term":[{"taxonomy":"category","embeddable":true,"href":"https:\/\/www.segond-automobiles.com\/en\/wp-json\/wp\/v2\/categories?post=41165"},{"taxonomy":"post_tag","embeddable":true,"href":"https:\/\/www.segond-automobiles.com\/en\/wp-json\/wp\/v2\/tags?post=41165"}],"curies":[{"name":"wp","href":"https:\/\/api.w.org\/{rel}","templated":true}]}}