{"id":43132,"date":"2025-02-21T10:19:14","date_gmt":"2025-02-21T10:19:14","guid":{"rendered":"https:\/\/www.segond-automobiles.com\/?p=43132"},"modified":"2025-02-21T10:19:56","modified_gmt":"2025-02-21T10:19:56","slug":"audi-a5-car-of-the-year","status":"publish","type":"post","link":"https:\/\/www.segond-automobiles.com\/en\/news\/audi-en\/audi-a5-car-of-the-year\/","title":{"rendered":"Audi A5 Wins the 2025 Troph\u00e9e de l\u2019Argus for Best Premium Car of the Year"},"content":{"rendered":"<p class=\"p3\"><span style=\"font-size: 12pt;\">The Audi A5 made an immediate impact upon its arrival on the market, winning the prestigious <span class=\"s1\"><b>Troph\u00e9e de l\u2019Argus 2025<\/b><\/span> in the <span class=\"s1\"><b>\u201cPremium Car of the Year\u201d<\/b><\/span> category. This honor underscores the excellence of its <span class=\"s1\"><b>design, performance, and advanced technologies<\/b><\/span>. The award further confirms Audi\u2019s expertise and commitment to <span class=\"s1\"><b>innovative and sustainable mobility<\/b><\/span>.<\/span><\/p>\n<h2 class=\"p1\"><span style=\"font-size: 18pt;\">A Trophy Recognizing the Elegance and Performance of the Audi A5<\/span><\/h2>\n<p class=\"p3\"><span style=\"font-size: 12pt;\">Awarded by a jury of industry experts, the <span class=\"s1\"><b>Troph\u00e9e de l\u2019Argus 2025<\/b><\/span> highlights vehicles that stand out for their <span class=\"s1\"><b>innovation, comfort, and value for money<\/b><\/span>. In the <span class=\"s1\"><b>premium vehicle<\/b><\/span> category, the Audi A5 impressed with its <span class=\"s1\"><b>sleek lines, refined interior, and cutting-edge technology<\/b><\/span>.<\/span><\/p>\n<p class=\"p3\"><span style=\"font-size: 12pt;\">This new generation is built on the <span class=\"s1\"><b>PPC (Premium Platform Combustion)<\/b><\/span>, ensuring <span class=\"s1\"><b>optimal performance while minimizing environmental impact<\/b><\/span>. Available with <span class=\"s1\"><b>gasoline, diesel, and mild-hybrid (\u201cMHEV plus\u201d) powertrains<\/b><\/span>, the A5 offers remarkable energy efficiency and a <span class=\"s1\"><b>smooth, engaging driving experience<\/b><\/span>. A <span class=\"s1\"><b>plug-in hybrid version<\/b><\/span> is also set to launch soon, catering to professionals with an attractive tax advantage.<\/span><\/p>\n<h2 class=\"p1\"><span style=\"font-size: 18pt;\">Audi A5: The Perfect Fusion of Heritage and Innovation<\/span><\/h2>\n<p class=\"p4\"><span style=\"font-size: 12pt;\"><span class=\"s2\">Inspired by the success of the <\/span><b>Audi A4 Avant and A5 Coup\u00e9<\/b><span class=\"s2\">, this new version masterfully blends <\/span><b>elegance and functionality<\/b><span class=\"s2\">. The <\/span><b>wide Singleframe grille<\/b><span class=\"s2\"> and <\/span><b>Matrix LED headlights<\/b><span class=\"s2\"> create a <\/span><b>sophisticated and modern light signature<\/b><span class=\"s2\">. Inside, the A5 focuses on <\/span><b>comfort and connectivity<\/b><span class=\"s2\">, featuring <\/span><b>a customizable digital dashboard and an intuitive infotainment system<\/b><span class=\"s2\">.<\/span><\/span><\/p>\n<p class=\"p4\"><span style=\"font-size: 12pt;\"><span class=\"s2\">Performance is just as impressive: its <\/span><b>state-of-the-art technology and versatile powertrains<\/b><span class=\"s2\"> establish the <\/span><b>Audi A5 as a benchmark in the premium segment<\/b><span class=\"s2\">. This model embodies Audi\u2019s commitment to <\/span><b>pushing the boundaries of automotive innovation while delivering an exceptional driving experience<\/b><span class=\"s2\">.<\/span><\/span><\/p>\n<p class=\"p3\"><span style=\"font-size: 12pt;\">By winning the <span class=\"s1\"><b>Troph\u00e9e de l\u2019Argus 2025<\/b><\/span>, the Audi A5 solidifies its status as <span class=\"s1\"><b>a must-have for those who appreciate design, technology, and performance<\/b><\/span>. This success reaffirms Audi\u2019s reputation for producing premium vehicles of the highest caliber.<\/span><\/p>\n<p class=\"p4\"><span style=\"font-size: 12pt;\"><span class=\"s2\">\ud83d\udc49 <\/span><b>Discover the Audi A5 at Segond Automobiles in Monaco and experience its excellence firsthand. Contact us to schedule a test drive and immerse yourself in the Audi driving experience.<\/b><\/span><\/p>\n<p><a class=\"btn btn-next btn-gris\" href=\"https:\/\/segond-automobiles.com\/en\/audi\/a5\/\">L&#8217;Audi A5 en d\u00e9tails<\/a><\/p>\n\n\t\t<style type=\"text\/css\">\n\t\t\t#gallery-1 {\n\t\t\t\tmargin: auto;\n\t\t\t}\n\t\t\t#gallery-1 .gallery-item {\n\t\t\t\tfloat: left;\n\t\t\t\tmargin-top: 10px;\n\t\t\t\ttext-align: center;\n\t\t\t\twidth: 50%;\n\t\t\t}\n\t\t\t#gallery-1 img {\n\t\t\t\tborder: 2px solid #cfcfcf;\n\t\t\t}\n\t\t\t#gallery-1 .gallery-caption {\n\t\t\t\tmargin-left: 0;\n\t\t\t}\n\t\t\t\/* see gallery_shortcode() in wp-includes\/media.php *\/\n\t\t<\/style>\n\t\t<div id='gallery-1' class='gallery galleryid-43132 gallery-columns-2 gallery-size-full'><dl class='gallery-item'>\n\t\t\t<dt class='gallery-icon landscape'>\n\t\t\t\t<a href='https:\/\/www.segond-automobiles.com\/wp-content\/uploads\/2025\/01\/audi-a5-sedan-avant-5.jpg'><img loading=\"lazy\" decoding=\"async\" width=\"1500\" height=\"1125\" src=\"https:\/\/www.segond-automobiles.com\/wp-content\/uploads\/2025\/01\/audi-a5-sedan-avant-5.jpg\" class=\"attachment-full size-full\" alt=\"audi-a5-avant\" srcset=\"https:\/\/www.segond-automobiles.com\/wp-content\/uploads\/2025\/01\/audi-a5-sedan-avant-5.jpg 1500w, https:\/\/www.segond-automobiles.com\/wp-content\/uploads\/2025\/01\/audi-a5-sedan-avant-5-300x225.jpg 300w, https:\/\/www.segond-automobiles.com\/wp-content\/uploads\/2025\/01\/audi-a5-sedan-avant-5-1024x768.jpg 1024w, https:\/\/www.segond-automobiles.com\/wp-content\/uploads\/2025\/01\/audi-a5-sedan-avant-5-768x576.jpg 768w, https:\/\/www.segond-automobiles.com\/wp-content\/uploads\/2025\/01\/audi-a5-sedan-avant-5-96x72.jpg 96w, https:\/\/www.segond-automobiles.com\/wp-content\/uploads\/2025\/01\/audi-a5-sedan-avant-5-564x424.jpg 564w, https:\/\/www.segond-automobiles.com\/wp-content\/uploads\/2025\/01\/audi-a5-sedan-avant-5-402x302.jpg 402w, https:\/\/www.segond-automobiles.com\/wp-content\/uploads\/2025\/01\/audi-a5-sedan-avant-5-107x79.jpg 107w, https:\/\/www.segond-automobiles.com\/wp-content\/uploads\/2025\/01\/audi-a5-sedan-avant-5-97x73.jpg 97w\" sizes=\"auto, (max-width: 1500px) 100vw, 1500px\" \/><\/a>\n\t\t\t<\/dt><\/dl><dl class='gallery-item'>\n\t\t\t<dt class='gallery-icon landscape'>\n\t\t\t\t<a href='https:\/\/www.segond-automobiles.com\/wp-content\/uploads\/2025\/01\/audi-a5-sedan-avant-6.jpg'><img loading=\"lazy\" decoding=\"async\" width=\"1500\" height=\"1125\" src=\"https:\/\/www.segond-automobiles.com\/wp-content\/uploads\/2025\/01\/audi-a5-sedan-avant-6.jpg\" class=\"attachment-full size-full\" alt=\"audi-a5-\" srcset=\"https:\/\/www.segond-automobiles.com\/wp-content\/uploads\/2025\/01\/audi-a5-sedan-avant-6.jpg 1500w, https:\/\/www.segond-automobiles.com\/wp-content\/uploads\/2025\/01\/audi-a5-sedan-avant-6-300x225.jpg 300w, https:\/\/www.segond-automobiles.com\/wp-content\/uploads\/2025\/01\/audi-a5-sedan-avant-6-1024x768.jpg 1024w, https:\/\/www.segond-automobiles.com\/wp-content\/uploads\/2025\/01\/audi-a5-sedan-avant-6-768x576.jpg 768w, https:\/\/www.segond-automobiles.com\/wp-content\/uploads\/2025\/01\/audi-a5-sedan-avant-6-96x72.jpg 96w, https:\/\/www.segond-automobiles.com\/wp-content\/uploads\/2025\/01\/audi-a5-sedan-avant-6-564x424.jpg 564w, https:\/\/www.segond-automobiles.com\/wp-content\/uploads\/2025\/01\/audi-a5-sedan-avant-6-402x302.jpg 402w, https:\/\/www.segond-automobiles.com\/wp-content\/uploads\/2025\/01\/audi-a5-sedan-avant-6-107x79.jpg 107w, https:\/\/www.segond-automobiles.com\/wp-content\/uploads\/2025\/01\/audi-a5-sedan-avant-6-97x73.jpg 97w\" sizes=\"auto, (max-width: 1500px) 100vw, 1500px\" \/><\/a>\n\t\t\t<\/dt><\/dl><br style=\"clear: both\" \/><dl class='gallery-item'>\n\t\t\t<dt class='gallery-icon landscape'>\n\t\t\t\t<a href='https:\/\/www.segond-automobiles.com\/wp-content\/uploads\/2025\/01\/audi-a5-sedan-avant-3.jpg'><img loading=\"lazy\" decoding=\"async\" width=\"1500\" height=\"1125\" src=\"https:\/\/www.segond-automobiles.com\/wp-content\/uploads\/2025\/01\/audi-a5-sedan-avant-3.jpg\" class=\"attachment-full size-full\" alt=\"audi-a5-sedan\" srcset=\"https:\/\/www.segond-automobiles.com\/wp-content\/uploads\/2025\/01\/audi-a5-sedan-avant-3.jpg 1500w, https:\/\/www.segond-automobiles.com\/wp-content\/uploads\/2025\/01\/audi-a5-sedan-avant-3-300x225.jpg 300w, https:\/\/www.segond-automobiles.com\/wp-content\/uploads\/2025\/01\/audi-a5-sedan-avant-3-1024x768.jpg 1024w, https:\/\/www.segond-automobiles.com\/wp-content\/uploads\/2025\/01\/audi-a5-sedan-avant-3-768x576.jpg 768w, https:\/\/www.segond-automobiles.com\/wp-content\/uploads\/2025\/01\/audi-a5-sedan-avant-3-96x72.jpg 96w, https:\/\/www.segond-automobiles.com\/wp-content\/uploads\/2025\/01\/audi-a5-sedan-avant-3-564x424.jpg 564w, https:\/\/www.segond-automobiles.com\/wp-content\/uploads\/2025\/01\/audi-a5-sedan-avant-3-402x302.jpg 402w, https:\/\/www.segond-automobiles.com\/wp-content\/uploads\/2025\/01\/audi-a5-sedan-avant-3-107x79.jpg 107w, https:\/\/www.segond-automobiles.com\/wp-content\/uploads\/2025\/01\/audi-a5-sedan-avant-3-97x73.jpg 97w\" sizes=\"auto, (max-width: 1500px) 100vw, 1500px\" \/><\/a>\n\t\t\t<\/dt><\/dl><dl class='gallery-item'>\n\t\t\t<dt class='gallery-icon landscape'>\n\t\t\t\t<a href='https:\/\/www.segond-automobiles.com\/wp-content\/uploads\/2025\/01\/audi-a5-sedan-avant-4.jpg'><img loading=\"lazy\" decoding=\"async\" width=\"1500\" height=\"1125\" src=\"https:\/\/www.segond-automobiles.com\/wp-content\/uploads\/2025\/01\/audi-a5-sedan-avant-4.jpg\" class=\"attachment-full size-full\" alt=\"audi-a5-sedan\" srcset=\"https:\/\/www.segond-automobiles.com\/wp-content\/uploads\/2025\/01\/audi-a5-sedan-avant-4.jpg 1500w, https:\/\/www.segond-automobiles.com\/wp-content\/uploads\/2025\/01\/audi-a5-sedan-avant-4-300x225.jpg 300w, https:\/\/www.segond-automobiles.com\/wp-content\/uploads\/2025\/01\/audi-a5-sedan-avant-4-1024x768.jpg 1024w, https:\/\/www.segond-automobiles.com\/wp-content\/uploads\/2025\/01\/audi-a5-sedan-avant-4-768x576.jpg 768w, https:\/\/www.segond-automobiles.com\/wp-content\/uploads\/2025\/01\/audi-a5-sedan-avant-4-96x72.jpg 96w, https:\/\/www.segond-automobiles.com\/wp-content\/uploads\/2025\/01\/audi-a5-sedan-avant-4-564x424.jpg 564w, https:\/\/www.segond-automobiles.com\/wp-content\/uploads\/2025\/01\/audi-a5-sedan-avant-4-402x302.jpg 402w, https:\/\/www.segond-automobiles.com\/wp-content\/uploads\/2025\/01\/audi-a5-sedan-avant-4-107x79.jpg 107w, https:\/\/www.segond-automobiles.com\/wp-content\/uploads\/2025\/01\/audi-a5-sedan-avant-4-97x73.jpg 97w\" sizes=\"auto, (max-width: 1500px) 100vw, 1500px\" \/><\/a>\n\t\t\t<\/dt><\/dl><br style=\"clear: both\" \/><dl class='gallery-item'>\n\t\t\t<dt class='gallery-icon landscape'>\n\t\t\t\t<a href='https:\/\/www.segond-automobiles.com\/wp-content\/uploads\/2025\/01\/audi-a5-sedan-avant-2-e1737620918280.jpg'><img loading=\"lazy\" decoding=\"async\" width=\"1500\" height=\"1000\" src=\"https:\/\/www.segond-automobiles.com\/wp-content\/uploads\/2025\/01\/audi-a5-sedan-avant-2-e1737620918280.jpg\" class=\"attachment-full size-full\" alt=\"audi-a5-avant\" \/><\/a>\n\t\t\t<\/dt><\/dl><dl class='gallery-item'>\n\t\t\t<dt class='gallery-icon landscape'>\n\t\t\t\t<a href='https:\/\/www.segond-automobiles.com\/wp-content\/uploads\/2025\/01\/audi-a5-sedan-avant-1.jpg'><img loading=\"lazy\" decoding=\"async\" width=\"1500\" height=\"1125\" src=\"https:\/\/www.segond-automobiles.com\/wp-content\/uploads\/2025\/01\/audi-a5-sedan-avant-1.jpg\" class=\"attachment-full size-full\" alt=\"audi-a5-interieur\" srcset=\"https:\/\/www.segond-automobiles.com\/wp-content\/uploads\/2025\/01\/audi-a5-sedan-avant-1.jpg 1500w, https:\/\/www.segond-automobiles.com\/wp-content\/uploads\/2025\/01\/audi-a5-sedan-avant-1-300x225.jpg 300w, https:\/\/www.segond-automobiles.com\/wp-content\/uploads\/2025\/01\/audi-a5-sedan-avant-1-1024x768.jpg 1024w, https:\/\/www.segond-automobiles.com\/wp-content\/uploads\/2025\/01\/audi-a5-sedan-avant-1-768x576.jpg 768w, https:\/\/www.segond-automobiles.com\/wp-content\/uploads\/2025\/01\/audi-a5-sedan-avant-1-96x72.jpg 96w, https:\/\/www.segond-automobiles.com\/wp-content\/uploads\/2025\/01\/audi-a5-sedan-avant-1-564x424.jpg 564w, https:\/\/www.segond-automobiles.com\/wp-content\/uploads\/2025\/01\/audi-a5-sedan-avant-1-402x302.jpg 402w, https:\/\/www.segond-automobiles.com\/wp-content\/uploads\/2025\/01\/audi-a5-sedan-avant-1-107x79.jpg 107w, https:\/\/www.segond-automobiles.com\/wp-content\/uploads\/2025\/01\/audi-a5-sedan-avant-1-97x73.jpg 97w\" sizes=\"auto, (max-width: 1500px) 100vw, 1500px\" \/><\/a>\n\t\t\t<\/dt><\/dl><br style=\"clear: both\" \/>\n\t\t<\/div>\n\n","protected":false},"excerpt":{"rendered":"<p>The Audi A5 made an immediate impact upon its arrival on the market, winning the prestigious Troph\u00e9e de l\u2019Argus 2025 in the \u201cPremium Car of the Year\u201d category. This [&hellip;]<\/p>\n","protected":false},"author":3,"featured_media":43151,"comment_status":"closed","ping_status":"closed","sticky":false,"template":"","format":"standard","meta":{"footnotes":""},"categories":[1060,1053],"tags":[],"class_list":["post-43132","post","type-post","status-publish","format-standard","has-post-thumbnail","hentry","category-audi-en","category-news"],"yoast_head":"<!-- This site is optimized with the Yoast SEO plugin v27.4 - https:\/\/yoast.com\/product\/yoast-seo-wordpress\/ -->\n<title>Audi A5 r\u00e9compens\u00e9e aux Troph\u00e9es de l&#039;Argus 2025<\/title>\n<meta name=\"description\" content=\"L\u2019Audi A5 remporte le prestigieux Troph\u00e9e de l\u2019Argus 2025 dans la cat\u00e9gorie \u00ab voiture premium de l\u2019ann\u00e9e \u00bb.\" \/>\n<meta name=\"robots\" content=\"index, follow, max-snippet:-1, max-image-preview:large, max-video-preview:-1\" \/>\n<link rel=\"canonical\" href=\"https:\/\/www.segond-automobiles.com\/en\/news\/audi-en\/audi-a5-car-of-the-year\/\" \/>\n<meta property=\"og:locale\" content=\"en_US\" \/>\n<meta property=\"og:type\" content=\"article\" \/>\n<meta property=\"og:title\" content=\"Audi A5 r\u00e9compens\u00e9e aux Troph\u00e9es de l&#039;Argus 2025\" \/>\n<meta property=\"og:description\" content=\"L\u2019Audi A5 remporte le prestigieux Troph\u00e9e de l\u2019Argus 2025 dans la cat\u00e9gorie \u00ab voiture premium de l\u2019ann\u00e9e \u00bb.\" \/>\n<meta property=\"og:url\" content=\"https:\/\/www.segond-automobiles.com\/en\/news\/audi-en\/audi-a5-car-of-the-year\/\" \/>\n<meta property=\"og:site_name\" content=\"Segond Automobiles\" \/>\n<meta property=\"article:publisher\" content=\"https:\/\/www.facebook.com\/groupesegondautomobiles\" \/>\n<meta property=\"article:published_time\" content=\"2025-02-21T10:19:14+00:00\" \/>\n<meta property=\"article:modified_time\" content=\"2025-02-21T10:19:56+00:00\" \/>\n<meta property=\"og:image\" content=\"https:\/\/www.segond-automobiles.com\/wp-content\/uploads\/2025\/01\/audi-a5-sedan-avant-6.jpg\" \/>\n\t<meta property=\"og:image:width\" content=\"1500\" \/>\n\t<meta property=\"og:image:height\" content=\"1125\" \/>\n\t<meta property=\"og:image:type\" content=\"image\/jpeg\" \/>\n<meta name=\"author\" content=\"inwin\" \/>\n<meta name=\"twitter:card\" content=\"summary_large_image\" \/>\n<meta name=\"twitter:label1\" content=\"Written by\" \/>\n\t<meta name=\"twitter:data1\" content=\"inwin\" \/>\n\t<meta name=\"twitter:label2\" content=\"Est. reading time\" \/>\n\t<meta name=\"twitter:data2\" content=\"2 minutes\" \/>\n<script type=\"application\/ld+json\" class=\"yoast-schema-graph\">{\"@context\":\"https:\\\/\\\/schema.org\",\"@graph\":[{\"@type\":\"Article\",\"@id\":\"https:\\\/\\\/www.segond-automobiles.com\\\/en\\\/news\\\/audi-en\\\/audi-a5-car-of-the-year\\\/#article\",\"isPartOf\":{\"@id\":\"https:\\\/\\\/www.segond-automobiles.com\\\/en\\\/news\\\/audi-en\\\/audi-a5-car-of-the-year\\\/\"},\"author\":{\"name\":\"inwin\",\"@id\":\"https:\\\/\\\/www.segond-automobiles.com\\\/en\\\/#\\\/schema\\\/person\\\/cdfeef480d8a688f34438d59b34e1815\"},\"headline\":\"Audi A5 Wins the 2025 Troph\u00e9e de l\u2019Argus for Best Premium Car of the Year\",\"datePublished\":\"2025-02-21T10:19:14+00:00\",\"dateModified\":\"2025-02-21T10:19:56+00:00\",\"mainEntityOfPage\":{\"@id\":\"https:\\\/\\\/www.segond-automobiles.com\\\/en\\\/news\\\/audi-en\\\/audi-a5-car-of-the-year\\\/\"},\"wordCount\":367,\"publisher\":{\"@id\":\"https:\\\/\\\/www.segond-automobiles.com\\\/en\\\/#organization\"},\"image\":{\"@id\":\"https:\\\/\\\/www.segond-automobiles.com\\\/en\\\/news\\\/audi-en\\\/audi-a5-car-of-the-year\\\/#primaryimage\"},\"thumbnailUrl\":\"https:\\\/\\\/www.segond-automobiles.com\\\/wp-content\\\/uploads\\\/2025\\\/01\\\/audi-a5-sedan-avant-6.jpg\",\"articleSection\":[\"Audi news\",\"News\"],\"inLanguage\":\"en-US\"},{\"@type\":\"WebPage\",\"@id\":\"https:\\\/\\\/www.segond-automobiles.com\\\/en\\\/news\\\/audi-en\\\/audi-a5-car-of-the-year\\\/\",\"url\":\"https:\\\/\\\/www.segond-automobiles.com\\\/en\\\/news\\\/audi-en\\\/audi-a5-car-of-the-year\\\/\",\"name\":\"Audi A5 r\u00e9compens\u00e9e aux Troph\u00e9es de l'Argus 2025\",\"isPartOf\":{\"@id\":\"https:\\\/\\\/www.segond-automobiles.com\\\/en\\\/#website\"},\"primaryImageOfPage\":{\"@id\":\"https:\\\/\\\/www.segond-automobiles.com\\\/en\\\/news\\\/audi-en\\\/audi-a5-car-of-the-year\\\/#primaryimage\"},\"image\":{\"@id\":\"https:\\\/\\\/www.segond-automobiles.com\\\/en\\\/news\\\/audi-en\\\/audi-a5-car-of-the-year\\\/#primaryimage\"},\"thumbnailUrl\":\"https:\\\/\\\/www.segond-automobiles.com\\\/wp-content\\\/uploads\\\/2025\\\/01\\\/audi-a5-sedan-avant-6.jpg\",\"datePublished\":\"2025-02-21T10:19:14+00:00\",\"dateModified\":\"2025-02-21T10:19:56+00:00\",\"description\":\"L\u2019Audi A5 remporte le prestigieux Troph\u00e9e de l\u2019Argus 2025 dans la cat\u00e9gorie \u00ab voiture premium de l\u2019ann\u00e9e \u00bb.\",\"breadcrumb\":{\"@id\":\"https:\\\/\\\/www.segond-automobiles.com\\\/en\\\/news\\\/audi-en\\\/audi-a5-car-of-the-year\\\/#breadcrumb\"},\"inLanguage\":\"en-US\",\"potentialAction\":[{\"@type\":\"ReadAction\",\"target\":[\"https:\\\/\\\/www.segond-automobiles.com\\\/en\\\/news\\\/audi-en\\\/audi-a5-car-of-the-year\\\/\"]}]},{\"@type\":\"ImageObject\",\"inLanguage\":\"en-US\",\"@id\":\"https:\\\/\\\/www.segond-automobiles.com\\\/en\\\/news\\\/audi-en\\\/audi-a5-car-of-the-year\\\/#primaryimage\",\"url\":\"https:\\\/\\\/www.segond-automobiles.com\\\/wp-content\\\/uploads\\\/2025\\\/01\\\/audi-a5-sedan-avant-6.jpg\",\"contentUrl\":\"https:\\\/\\\/www.segond-automobiles.com\\\/wp-content\\\/uploads\\\/2025\\\/01\\\/audi-a5-sedan-avant-6.jpg\",\"width\":1500,\"height\":1125,\"caption\":\"audi-a5-\"},{\"@type\":\"BreadcrumbList\",\"@id\":\"https:\\\/\\\/www.segond-automobiles.com\\\/en\\\/news\\\/audi-en\\\/audi-a5-car-of-the-year\\\/#breadcrumb\",\"itemListElement\":[{\"@type\":\"ListItem\",\"position\":1,\"name\":\"Accueil\",\"item\":\"https:\\\/\\\/www.segond-automobiles.com\\\/en\\\/\"},{\"@type\":\"ListItem\",\"position\":2,\"name\":\"Audi A5 Wins the 2025 Troph\u00e9e de l\u2019Argus for Best Premium Car of the Year\"}]},{\"@type\":\"WebSite\",\"@id\":\"https:\\\/\\\/www.segond-automobiles.com\\\/en\\\/#website\",\"url\":\"https:\\\/\\\/www.segond-automobiles.com\\\/en\\\/\",\"name\":\"Segond Automobiles\",\"description\":\"\",\"publisher\":{\"@id\":\"https:\\\/\\\/www.segond-automobiles.com\\\/en\\\/#organization\"},\"potentialAction\":[{\"@type\":\"SearchAction\",\"target\":{\"@type\":\"EntryPoint\",\"urlTemplate\":\"https:\\\/\\\/www.segond-automobiles.com\\\/en\\\/?s={search_term_string}\"},\"query-input\":{\"@type\":\"PropertyValueSpecification\",\"valueRequired\":true,\"valueName\":\"search_term_string\"}}],\"inLanguage\":\"en-US\"},{\"@type\":\"Organization\",\"@id\":\"https:\\\/\\\/www.segond-automobiles.com\\\/en\\\/#organization\",\"name\":\"Segond Automobiles\",\"url\":\"https:\\\/\\\/www.segond-automobiles.com\\\/en\\\/\",\"logo\":{\"@type\":\"ImageObject\",\"inLanguage\":\"en-US\",\"@id\":\"https:\\\/\\\/www.segond-automobiles.com\\\/en\\\/#\\\/schema\\\/logo\\\/image\\\/\",\"url\":\"https:\\\/\\\/www.segond-automobiles.com\\\/wp-content\\\/uploads\\\/2020\\\/12\\\/logo_Segond.png\",\"contentUrl\":\"https:\\\/\\\/www.segond-automobiles.com\\\/wp-content\\\/uploads\\\/2020\\\/12\\\/logo_Segond.png\",\"width\":159,\"height\":79,\"caption\":\"Segond Automobiles\"},\"image\":{\"@id\":\"https:\\\/\\\/www.segond-automobiles.com\\\/en\\\/#\\\/schema\\\/logo\\\/image\\\/\"},\"sameAs\":[\"https:\\\/\\\/www.facebook.com\\\/groupesegondautomobiles\",\"https:\\\/\\\/www.instagram.com\\\/groupesegondautomobiles\\\/\",\"https:\\\/\\\/www.linkedin.com\\\/company\\\/groupe-segond-automobiles\\\/\",\"https:\\\/\\\/www.youtube.com\\\/channel\\\/UCmyIrWpILerz0P3Ev_75pOQ\\\/featured\"]},{\"@type\":\"Person\",\"@id\":\"https:\\\/\\\/www.segond-automobiles.com\\\/en\\\/#\\\/schema\\\/person\\\/cdfeef480d8a688f34438d59b34e1815\",\"name\":\"inwin\",\"image\":{\"@type\":\"ImageObject\",\"inLanguage\":\"en-US\",\"@id\":\"https:\\\/\\\/secure.gravatar.com\\\/avatar\\\/6adb9523a9dace54c9d50a136dea3a9b7aa331e3d4af477880dede40cc83f809?s=96&d=mm&r=g\",\"url\":\"https:\\\/\\\/secure.gravatar.com\\\/avatar\\\/6adb9523a9dace54c9d50a136dea3a9b7aa331e3d4af477880dede40cc83f809?s=96&d=mm&r=g\",\"contentUrl\":\"https:\\\/\\\/secure.gravatar.com\\\/avatar\\\/6adb9523a9dace54c9d50a136dea3a9b7aa331e3d4af477880dede40cc83f809?s=96&d=mm&r=g\",\"caption\":\"inwin\"}}]}<\/script>\n<!-- \/ Yoast SEO plugin. -->","yoast_head_json":{"title":"Audi A5 r\u00e9compens\u00e9e aux Troph\u00e9es de l'Argus 2025","description":"L\u2019Audi A5 remporte le prestigieux Troph\u00e9e de l\u2019Argus 2025 dans la cat\u00e9gorie \u00ab voiture premium de l\u2019ann\u00e9e \u00bb.","robots":{"index":"index","follow":"follow","max-snippet":"max-snippet:-1","max-image-preview":"max-image-preview:large","max-video-preview":"max-video-preview:-1"},"canonical":"https:\/\/www.segond-automobiles.com\/en\/news\/audi-en\/audi-a5-car-of-the-year\/","og_locale":"en_US","og_type":"article","og_title":"Audi A5 r\u00e9compens\u00e9e aux Troph\u00e9es de l'Argus 2025","og_description":"L\u2019Audi A5 remporte le prestigieux Troph\u00e9e de l\u2019Argus 2025 dans la cat\u00e9gorie \u00ab voiture premium de l\u2019ann\u00e9e \u00bb.","og_url":"https:\/\/www.segond-automobiles.com\/en\/news\/audi-en\/audi-a5-car-of-the-year\/","og_site_name":"Segond Automobiles","article_publisher":"https:\/\/www.facebook.com\/groupesegondautomobiles","article_published_time":"2025-02-21T10:19:14+00:00","article_modified_time":"2025-02-21T10:19:56+00:00","og_image":[{"width":1500,"height":1125,"url":"https:\/\/www.segond-automobiles.com\/wp-content\/uploads\/2025\/01\/audi-a5-sedan-avant-6.jpg","type":"image\/jpeg"}],"author":"inwin","twitter_card":"summary_large_image","twitter_misc":{"Written by":"inwin","Est. reading time":"2 minutes"},"schema":{"@context":"https:\/\/schema.org","@graph":[{"@type":"Article","@id":"https:\/\/www.segond-automobiles.com\/en\/news\/audi-en\/audi-a5-car-of-the-year\/#article","isPartOf":{"@id":"https:\/\/www.segond-automobiles.com\/en\/news\/audi-en\/audi-a5-car-of-the-year\/"},"author":{"name":"inwin","@id":"https:\/\/www.segond-automobiles.com\/en\/#\/schema\/person\/cdfeef480d8a688f34438d59b34e1815"},"headline":"Audi A5 Wins the 2025 Troph\u00e9e de l\u2019Argus for Best Premium Car of the Year","datePublished":"2025-02-21T10:19:14+00:00","dateModified":"2025-02-21T10:19:56+00:00","mainEntityOfPage":{"@id":"https:\/\/www.segond-automobiles.com\/en\/news\/audi-en\/audi-a5-car-of-the-year\/"},"wordCount":367,"publisher":{"@id":"https:\/\/www.segond-automobiles.com\/en\/#organization"},"image":{"@id":"https:\/\/www.segond-automobiles.com\/en\/news\/audi-en\/audi-a5-car-of-the-year\/#primaryimage"},"thumbnailUrl":"https:\/\/www.segond-automobiles.com\/wp-content\/uploads\/2025\/01\/audi-a5-sedan-avant-6.jpg","articleSection":["Audi news","News"],"inLanguage":"en-US"},{"@type":"WebPage","@id":"https:\/\/www.segond-automobiles.com\/en\/news\/audi-en\/audi-a5-car-of-the-year\/","url":"https:\/\/www.segond-automobiles.com\/en\/news\/audi-en\/audi-a5-car-of-the-year\/","name":"Audi A5 r\u00e9compens\u00e9e aux Troph\u00e9es de l'Argus 2025","isPartOf":{"@id":"https:\/\/www.segond-automobiles.com\/en\/#website"},"primaryImageOfPage":{"@id":"https:\/\/www.segond-automobiles.com\/en\/news\/audi-en\/audi-a5-car-of-the-year\/#primaryimage"},"image":{"@id":"https:\/\/www.segond-automobiles.com\/en\/news\/audi-en\/audi-a5-car-of-the-year\/#primaryimage"},"thumbnailUrl":"https:\/\/www.segond-automobiles.com\/wp-content\/uploads\/2025\/01\/audi-a5-sedan-avant-6.jpg","datePublished":"2025-02-21T10:19:14+00:00","dateModified":"2025-02-21T10:19:56+00:00","description":"L\u2019Audi A5 remporte le prestigieux Troph\u00e9e de l\u2019Argus 2025 dans la cat\u00e9gorie \u00ab voiture premium de l\u2019ann\u00e9e \u00bb.","breadcrumb":{"@id":"https:\/\/www.segond-automobiles.com\/en\/news\/audi-en\/audi-a5-car-of-the-year\/#breadcrumb"},"inLanguage":"en-US","potentialAction":[{"@type":"ReadAction","target":["https:\/\/www.segond-automobiles.com\/en\/news\/audi-en\/audi-a5-car-of-the-year\/"]}]},{"@type":"ImageObject","inLanguage":"en-US","@id":"https:\/\/www.segond-automobiles.com\/en\/news\/audi-en\/audi-a5-car-of-the-year\/#primaryimage","url":"https:\/\/www.segond-automobiles.com\/wp-content\/uploads\/2025\/01\/audi-a5-sedan-avant-6.jpg","contentUrl":"https:\/\/www.segond-automobiles.com\/wp-content\/uploads\/2025\/01\/audi-a5-sedan-avant-6.jpg","width":1500,"height":1125,"caption":"audi-a5-"},{"@type":"BreadcrumbList","@id":"https:\/\/www.segond-automobiles.com\/en\/news\/audi-en\/audi-a5-car-of-the-year\/#breadcrumb","itemListElement":[{"@type":"ListItem","position":1,"name":"Accueil","item":"https:\/\/www.segond-automobiles.com\/en\/"},{"@type":"ListItem","position":2,"name":"Audi A5 Wins the 2025 Troph\u00e9e de l\u2019Argus for Best Premium Car of the Year"}]},{"@type":"WebSite","@id":"https:\/\/www.segond-automobiles.com\/en\/#website","url":"https:\/\/www.segond-automobiles.com\/en\/","name":"Segond Automobiles","description":"","publisher":{"@id":"https:\/\/www.segond-automobiles.com\/en\/#organization"},"potentialAction":[{"@type":"SearchAction","target":{"@type":"EntryPoint","urlTemplate":"https:\/\/www.segond-automobiles.com\/en\/?s={search_term_string}"},"query-input":{"@type":"PropertyValueSpecification","valueRequired":true,"valueName":"search_term_string"}}],"inLanguage":"en-US"},{"@type":"Organization","@id":"https:\/\/www.segond-automobiles.com\/en\/#organization","name":"Segond Automobiles","url":"https:\/\/www.segond-automobiles.com\/en\/","logo":{"@type":"ImageObject","inLanguage":"en-US","@id":"https:\/\/www.segond-automobiles.com\/en\/#\/schema\/logo\/image\/","url":"https:\/\/www.segond-automobiles.com\/wp-content\/uploads\/2020\/12\/logo_Segond.png","contentUrl":"https:\/\/www.segond-automobiles.com\/wp-content\/uploads\/2020\/12\/logo_Segond.png","width":159,"height":79,"caption":"Segond Automobiles"},"image":{"@id":"https:\/\/www.segond-automobiles.com\/en\/#\/schema\/logo\/image\/"},"sameAs":["https:\/\/www.facebook.com\/groupesegondautomobiles","https:\/\/www.instagram.com\/groupesegondautomobiles\/","https:\/\/www.linkedin.com\/company\/groupe-segond-automobiles\/","https:\/\/www.youtube.com\/channel\/UCmyIrWpILerz0P3Ev_75pOQ\/featured"]},{"@type":"Person","@id":"https:\/\/www.segond-automobiles.com\/en\/#\/schema\/person\/cdfeef480d8a688f34438d59b34e1815","name":"inwin","image":{"@type":"ImageObject","inLanguage":"en-US","@id":"https:\/\/secure.gravatar.com\/avatar\/6adb9523a9dace54c9d50a136dea3a9b7aa331e3d4af477880dede40cc83f809?s=96&d=mm&r=g","url":"https:\/\/secure.gravatar.com\/avatar\/6adb9523a9dace54c9d50a136dea3a9b7aa331e3d4af477880dede40cc83f809?s=96&d=mm&r=g","contentUrl":"https:\/\/secure.gravatar.com\/avatar\/6adb9523a9dace54c9d50a136dea3a9b7aa331e3d4af477880dede40cc83f809?s=96&d=mm&r=g","caption":"inwin"}}]}},"_links":{"self":[{"href":"https:\/\/www.segond-automobiles.com\/en\/wp-json\/wp\/v2\/posts\/43132","targetHints":{"allow":["GET"]}}],"collection":[{"href":"https:\/\/www.segond-automobiles.com\/en\/wp-json\/wp\/v2\/posts"}],"about":[{"href":"https:\/\/www.segond-automobiles.com\/en\/wp-json\/wp\/v2\/types\/post"}],"author":[{"embeddable":true,"href":"https:\/\/www.segond-automobiles.com\/en\/wp-json\/wp\/v2\/users\/3"}],"replies":[{"embeddable":true,"href":"https:\/\/www.segond-automobiles.com\/en\/wp-json\/wp\/v2\/comments?post=43132"}],"version-history":[{"count":2,"href":"https:\/\/www.segond-automobiles.com\/en\/wp-json\/wp\/v2\/posts\/43132\/revisions"}],"predecessor-version":[{"id":43828,"href":"https:\/\/www.segond-automobiles.com\/en\/wp-json\/wp\/v2\/posts\/43132\/revisions\/43828"}],"wp:featuredmedia":[{"embeddable":true,"href":"https:\/\/www.segond-automobiles.com\/en\/wp-json\/wp\/v2\/media\/43151"}],"wp:attachment":[{"href":"https:\/\/www.segond-automobiles.com\/en\/wp-json\/wp\/v2\/media?parent=43132"}],"wp:term":[{"taxonomy":"category","embeddable":true,"href":"https:\/\/www.segond-automobiles.com\/en\/wp-json\/wp\/v2\/categories?post=43132"},{"taxonomy":"post_tag","embeddable":true,"href":"https:\/\/www.segond-automobiles.com\/en\/wp-json\/wp\/v2\/tags?post=43132"}],"curies":[{"name":"wp","href":"https:\/\/api.w.org\/{rel}","templated":true}]}}